{"id":80439,"date":"2026-04-29T15:51:23","date_gmt":"2026-04-29T18:51:23","guid":{"rendered":"https:\/\/jornalrol.com.br\/?p=80439"},"modified":"2026-04-29T15:51:47","modified_gmt":"2026-04-29T18:51:47","slug":"os-desafios-dos-professores-de-linguas","status":"publish","type":"post","link":"https:\/\/jornalrol.com.br\/?p=80439","title":{"rendered":"Os desafios dos professores de l\u00ednguas!"},"content":{"rendered":"<div class=\"pdfprnt-buttons pdfprnt-buttons-post pdfprnt-top-right\"><a href=\"https:\/\/jornalrol.com.br\/index.php?rest_route=%2Fwp%2Fv2%2Fposts%2F80439&print=pdf\" class=\"pdfprnt-button pdfprnt-button-pdf\" target=\"_blank\" ><\/a><a href=\"https:\/\/jornalrol.com.br\/index.php?rest_route=%2Fwp%2Fv2%2Fposts%2F80439&print=print\" class=\"pdfprnt-button pdfprnt-button-print\" target=\"_blank\" ><img decoding=\"async\" src=\"https:\/\/jornalrol.com.br\/wp-content\/plugins\/pdf-print\/images\/print.png\" alt=\"image_print\" title=\"Conte\u00fado de impress\u00e3o\" \/><\/a><\/div>\n<h2 class=\"wp-block-heading has-text-align-center\">Jos\u00e9 Ngola Carlos<br><br> &#8216;Os desafios dos professores de l\u00ednguas!&#8217;<br><br><\/h2>\n\n\n<div class=\"wp-block-image\">\n<figure class=\"aligncenter size-full is-resized\"><img loading=\"lazy\" decoding=\"async\" width=\"480\" height=\"1014\" data-attachment-id=\"73883\" data-permalink=\"https:\/\/jornalrol.com.br\/?attachment_id=73883\" data-orig-file=\"https:\/\/jornalrol.com.br\/wp-content\/uploads\/2025\/06\/7cbcf912-c474-449a-80d1-64439a683eae.jpeg\" data-orig-size=\"480,1014\" data-comments-opened=\"1\" data-image-meta=\"{&quot;aperture&quot;:&quot;0&quot;,&quot;credit&quot;:&quot;&quot;,&quot;camera&quot;:&quot;&quot;,&quot;caption&quot;:&quot;&quot;,&quot;created_timestamp&quot;:&quot;0&quot;,&quot;copyright&quot;:&quot;&quot;,&quot;focal_length&quot;:&quot;0&quot;,&quot;iso&quot;:&quot;0&quot;,&quot;shutter_speed&quot;:&quot;0&quot;,&quot;title&quot;:&quot;&quot;,&quot;orientation&quot;:&quot;0&quot;}\" data-image-title=\"7cbcf912-c474-449a-80d1-64439a683eae\" data-image-description=\"&lt;p&gt;Kamuenho Ngululia&lt;\/p&gt;\n\" data-image-caption=\"&lt;p&gt;Kamuenho Ngululia&lt;\/p&gt;\n\" data-large-file=\"https:\/\/jornalrol.com.br\/wp-content\/uploads\/2025\/06\/7cbcf912-c474-449a-80d1-64439a683eae.jpeg\" src=\"http:\/\/jornalrol.com.br\/wp-content\/uploads\/2025\/06\/7cbcf912-c474-449a-80d1-64439a683eae.jpeg\" alt=\"Kamuenho Ngululia\" class=\"wp-image-73883\" style=\"aspect-ratio:0.47338007550658756;width:138px;height:auto\"\/><figcaption class=\"wp-element-caption\">Kamuenho Ngululia<\/figcaption><\/figure>\n<\/div>\n\n<div class=\"wp-block-image\">\n<figure class=\"aligncenter size-full is-resized\"><img loading=\"lazy\" decoding=\"async\" width=\"1024\" height=\"1024\" data-attachment-id=\"80440\" data-permalink=\"https:\/\/jornalrol.com.br\/?attachment_id=80440\" data-orig-file=\"https:\/\/jornalrol.com.br\/wp-content\/uploads\/2026\/04\/e9a1f170-5b94-4407-88db-f5fc7964a4e5.jpg\" data-orig-size=\"1024,1024\" data-comments-opened=\"1\" data-image-meta=\"{&quot;aperture&quot;:&quot;0&quot;,&quot;credit&quot;:&quot;&quot;,&quot;camera&quot;:&quot;&quot;,&quot;caption&quot;:&quot;&quot;,&quot;created_timestamp&quot;:&quot;0&quot;,&quot;copyright&quot;:&quot;&quot;,&quot;focal_length&quot;:&quot;0&quot;,&quot;iso&quot;:&quot;0&quot;,&quot;shutter_speed&quot;:&quot;0&quot;,&quot;title&quot;:&quot;&quot;,&quot;orientation&quot;:&quot;0&quot;}\" data-image-title=\"e9a1f170-5b94-4407-88db-f5fc7964a4e5\" data-image-description=\"\" data-image-caption=\"\" data-large-file=\"https:\/\/jornalrol.com.br\/wp-content\/uploads\/2026\/04\/e9a1f170-5b94-4407-88db-f5fc7964a4e5.jpg\" src=\"https:\/\/jornalrol.com.br\/wp-content\/uploads\/2026\/04\/e9a1f170-5b94-4407-88db-f5fc7964a4e5.jpg\" alt=\"\" class=\"wp-image-80440\" style=\"width:430px;height:auto\" srcset=\"https:\/\/jornalrol.com.br\/wp-content\/uploads\/2026\/04\/e9a1f170-5b94-4407-88db-f5fc7964a4e5.jpg 1024w, https:\/\/jornalrol.com.br\/wp-content\/uploads\/2026\/04\/e9a1f170-5b94-4407-88db-f5fc7964a4e5-600x600.jpg 600w, https:\/\/jornalrol.com.br\/wp-content\/uploads\/2026\/04\/e9a1f170-5b94-4407-88db-f5fc7964a4e5-768x768.jpg 768w\" sizes=\"auto, (max-width: 1024px) 100vw, 1024px\" \/><figcaption class=\"wp-element-caption\"><em>Imagem criada por Ia do Bing &#8211; 29 de abril de 2026, \u00e0s 14:07 PM<\/em><\/figcaption><\/figure>\n<\/div>\n\n\n<p class=\"has-drop-cap\">Criticar todos sabemos fazer, por\u00e9m, sugerir melhorias \u00e9 o empreendimento que muitos ignoram, quer por incompet\u00eancia, quer por neglig\u00eancia.<\/p>\n\n\n\n<p>Neste texto ser\u00e1 constru\u00edda, n\u00e3o uma cr\u00edtica indiscriminada aos professores de Ingl\u00eas das escolas p\u00fablicas, p\u00fablico-privadas e privadas de Angola, mas pretenderemos convidar \u00e0 reflex\u00e3o em torno da nossa pr\u00e1tica como professores de l\u00edngua, visando a nossa melhoria cont\u00ednua. N\u00e3o obstante a refer\u00eancia aos professores de L\u00edngua Inglesa, percebemos que, o conte\u00fado deste texto poder\u00e1 ser \u00fatil a todos os professores de l\u00ednguas.<\/p>\n\n\n\n<p>O que se observa nas escolas de Angola \u00e9 que, a exemplo do II Ciclo do Ensino Secund\u00e1rio, o que n\u00e3o \u00e9 exce\u00e7\u00e3o, os alunos frequentam as aulas de Ingl\u00eas, num per\u00edodo de tr\u00eas (3) anos e, para a surpresa de todos os agentes educativos, quase que saem crus e nus, conforme antes de as frequentarem, porque, nem o b\u00e1sico do primeiro n\u00edvel (A1) se consegue alcan\u00e7ar. N\u00e3o raro, comparado aos Centros de Forma\u00e7\u00e3o Profissional, em que trabalho extraordin\u00e1rio tem sido feito, a justificativa sempre foi: \u201cnos centros t\u00eam mais tempo de estudo das l\u00ednguas\u201d. Por outro lado, \u201cos alunos veem \u00e0 escola sem motiva\u00e7\u00e3o para as aulas de l\u00ednguas, o que n\u00e3o acontece em rela\u00e7\u00e3o aos centros de forma\u00e7\u00e3o, onde v\u00e3o j\u00e1 motivados\u201d. O nosso questionamento, portanto, \u00e9: ser\u00e1?! Poderia haver alguma pitada de verdade nesta maneira de pensar?! Vamos aos fatos, por favor!<\/p>\n\n\n\n<p>Comecemos com a primeira justificativa:<\/p>\n\n\n\n<p>\u201cMeus alunos e alunas s\u00f3 n\u00e3o aprendem Ingl\u00eas porque tenho poucos tempos letivos por semana\u201d<\/p>\n\n\n\n<p>O professor e a professora do II Ciclo do Ensino Secund\u00e1rio t\u00eam tr\u00eas (3) tempos letivos por semana, correspondentes \u00e0 duas (2) horas e quinze (15) minutos. Este n\u00famero de horas multiplicado por quatro (4), correspondente a um (1) m\u00eas, d\u00e1-nos nove (9) horas\/m\u00eas. Estas horas multiplicadas pelo trimestre, corresponde a vinte e sete (27) horas que, multiplicada pelo ano, tem-se aproximadamente sessenta e tr\u00eas (63) horas\/ano (considerando o ano acad\u00eamico como se tivesse sete (7) meses). E, se considerarmos o ciclo de forma\u00e7\u00e3o de tr\u00eas (3) anos, teremos \u00e0 disposi\u00e7\u00e3o dos professores\/as de l\u00ednguas, cento e oitenta e nove (189) horas. Disto, o nosso questionamento \u00e9: Com 189 horas \u00e0 disposi\u00e7\u00e3o, ainda assim, tem-se pouco tempo para fazer os alunos aprender?! N\u00e3o \u00e9 poss\u00edvel o alcance do n\u00edvel m\u00ednimo de forma\u00e7\u00e3o neste per\u00edodo, se trabalhado eficiente e eficazmente?!<\/p>\n\n\n\n<p>O c\u00e9tico dir\u00e1: \u201cnos centros de forma\u00e7\u00e3o tem-se mais tempo, o que n\u00e3o permite a compara\u00e7\u00e3o da produtividade\u201d<\/p>\n\n\n\n<p>Ent\u00e3o vejamos! Os Centros de Forma\u00e7\u00e3o Profissional, n\u00e3o raro, e aqui falo tendo em conta a nossa experi\u00eancia pessoal, os formandos t\u00eam uma (1) hora diariamente, o que perfaz cinco (5) horas semanais e 20 horas mensais, dando um total de sessenta (60) a oitenta (80) horas para a transi\u00e7\u00e3o de n\u00edveis. O nosso questionamento segue sendo: quantas vezes \u00e9 poss\u00edvel retirar sessenta (60) de cento e oitenta e nove (189) horas?! Resposta: tr\u00eas (3) vezes. O que \u00e9 que isto quer dizer?!<\/p>\n\n\n\n<p>Os dados provam que, se trabalhados com seriedade metodol\u00f3gica e genu\u00edno amor pelo trabalho e pelos estudantes, o Curr\u00edculo Nacional permite o alcance do n\u00edvel tr\u00eas (A3) em Ingl\u00eas, e nas outras l\u00ednguas.<\/p>\n\n\n\n<p>O c\u00e9tico, n\u00e3o convencido, muito provavelmente porque n\u00e3o entendeu ou n\u00e3o quer entender, dir\u00e1: \u201cmas, os alunos das escolas p\u00fablicas nunca est\u00e3o motivados e demonstram pouco interesse na aprendizagem\u201d.<\/p>\n\n\n\n<p>Fa\u00e7amos o seguinte, professor\/a: v\u00e1, leia e estude as diversas teorias da motiva\u00e7\u00e3o humana aplicadas na educa\u00e7\u00e3o e depois falamos.<\/p>\n\n\n\n<p>Muito obrigado pelo seu tempo de leitura, meu caro leitor e minha cara leitora! At\u00e9 mais!<\/p>\n\n\n\n<p>Como citar este artigo:&nbsp;<\/p>\n\n\n\n<p>Carlos, J. N. (2026:4). Os Desafios dos Professores de L\u00ednguas! Brasil: Jornal Cultural ROL.<\/p>\n\n\n\n<h3 class=\"wp-block-heading has-text-align-center\"><br>Jos\u00e9 Ngola Carlos, Msc.<\/h3>\n\n\n\n<p class=\"has-text-align-center\">Malanje, 29 de abril de 2026<\/p>\n\n\n\n<div class=\"wp-block-columns is-layout-flex wp-container-core-columns-is-layout-9d6595d7 wp-block-columns-is-layout-flex\">\n<div class=\"wp-block-column is-layout-flow wp-block-column-is-layout-flow\">\n<h3 class=\"wp-block-heading has-text-align-center has-electric-grass-gradient-background has-background\"><a href=\"https:\/\/www.facebook.com\/profile.php?id=100087308379698&amp;sk=photos&amp;locale=pt_BR\" target=\"_blank\" rel=\"noopener\" title=\"Facebook\">Facebook<\/a><\/h3>\n<\/div>\n\n\n\n<div class=\"wp-block-column is-layout-flow wp-block-column-is-layout-flow\">\n<h3 class=\"wp-block-heading has-text-align-center has-electric-grass-gradient-background has-background\"><a href=\"mailto:Ngola21.jose@gmail.com\" title=\"E-meio\">E-meio<\/a><\/h3>\n<\/div>\n<\/div>\n\n\n\n<p><a href=\"https:\/\/jornalrol.com.br\/\" title=\"Voltar\">Voltar<\/a><\/p>\n\n\n\n<p><a href=\"https:\/\/www.facebook.com\/JCulturalrol\/\" title=\"Facebook\">Facebook<\/a><\/p>\n","protected":false},"excerpt":{"rendered":"<p>Criticar todos sabemos fazer, por\u00e9m, sugerir melhorias \u00e9 o empreendimento que muitos ignoram, quer por incompet\u00eancia, quer por neglig\u00eancia. Neste texto ser\u00e1&#8230; <\/p>\n","protected":false},"author":121,"featured_media":80440,"comment_status":"open","ping_status":"closed","sticky":false,"template":"","format":"standard","meta":{"_jetpack_newsletter_access":"","_jetpack_dont_email_post_to_subs":false,"_jetpack_newsletter_tier_id":0,"_jetpack_memberships_contains_paywalled_content":false,"_jetpack_memberships_contains_paid_content":false,"footnotes":""},"categories":[9398,9285],"tags":[2695,16786,7403],"class_list":["post-80439","post","type-post","status-publish","format-standard","has-post-thumbnail","hentry","category-artigos","category-literatura","tag-desafios","tag-professores-de-linguas","tag-reflexao"],"aioseo_notices":[],"views":153,"jetpack_featured_media_url":"https:\/\/jornalrol.com.br\/wp-content\/uploads\/2026\/04\/e9a1f170-5b94-4407-88db-f5fc7964a4e5.jpg","jetpack_sharing_enabled":true,"jetpack_likes_enabled":true,"jetpack-related-posts":[{"id":76378,"url":"https:\/\/jornalrol.com.br\/?p=76378","url_meta":{"origin":80439,"position":0},"title":"Desafios de um professor de L\u00edngua Portuguesa","author":"Renata da Silva de Barcellos","date":"24 de outubro de 2025","format":false,"excerpt":"De acordo com Fernando Chilumbo, a doc\u00eancia de L\u00edngua Portuguesa traduz \u201cdesafios complexos no mundo de hoje, que v\u00e3o al\u00e9m da mera gram\u00e1tica ou literatura.","rel":"","context":"Em &quot;Sem categoria&quot;","block_context":{"text":"Sem categoria","link":"https:\/\/jornalrol.com.br\/?cat=1"},"img":{"alt_text":"Renata Barcellos","src":"https:\/\/i0.wp.com\/jornalrol.com.br\/wp-content\/uploads\/2025\/08\/RSB2.jpeg?resize=350%2C200","width":350,"height":200},"classes":[]},{"id":8414,"url":"https:\/\/jornalrol.com.br\/?p=8414","url_meta":{"origin":80439,"position":1},"title":"Professora de Bariri retoma o h\u00e1bito da correspond\u00eancia com seus alunos","author":"Helio Rubens","date":"27 de fevereiro de 2017","format":false,"excerpt":"BOAS PR\u00c1TICAS EM EDUCA\u00c7\u00c3O INOVAM O APRENDIZADO DA L\u00cdNGUA PORTUGUESA No universo virtual, onde as mensagens s\u00e3o instant\u00e2neas, escrever cartas \u00e0 m\u00e3o parece ser um h\u00e1bito t\u00e3o remoto e ultrapassado, que fica imposs\u00edvel pensar que a pr\u00e1tica pode se tornar uma ferramenta para o aprendizado e aprimoramento do uso da\u2026","rel":"","context":"Em &quot;Comunica\u00e7\u00e3o&quot;","block_context":{"text":"Comunica\u00e7\u00e3o","link":"https:\/\/jornalrol.com.br\/?cat=7"},"img":{"alt_text":"","src":"","width":0,"height":0},"classes":[]},{"id":78248,"url":"https:\/\/jornalrol.com.br\/?p=78248","url_meta":{"origin":80439,"position":2},"title":"O seguimento da mestra","author":"Jorge Facury","date":"4 de fevereiro de 2026","format":false,"excerpt":"\u00c0s 4h30 deste dia 03 de fevereiro, a querida e inesquec\u00edvel professora Almira Porci\u00fancula, de Tatu\u00ed, partiu para a Eternidade. Mestra da l\u00edngua portuguesa...","rel":"","context":"Em &quot;Cr\u00f4nicas&quot;","block_context":{"text":"Cr\u00f4nicas","link":"https:\/\/jornalrol.com.br\/?cat=9392"},"img":{"alt_text":"Professora Almira Porci\u00fancula e Jorge Facury - Foto do arquivo do autor","src":"https:\/\/i0.wp.com\/jornalrol.com.br\/wp-content\/uploads\/2026\/02\/627365411_26338955455688350_842514845108969999_n.jpg?resize=350%2C200&ssl=1","width":350,"height":200,"srcset":"https:\/\/i0.wp.com\/jornalrol.com.br\/wp-content\/uploads\/2026\/02\/627365411_26338955455688350_842514845108969999_n.jpg?resize=350%2C200&ssl=1 1x, https:\/\/i0.wp.com\/jornalrol.com.br\/wp-content\/uploads\/2026\/02\/627365411_26338955455688350_842514845108969999_n.jpg?resize=525%2C300&ssl=1 1.5x, https:\/\/i0.wp.com\/jornalrol.com.br\/wp-content\/uploads\/2026\/02\/627365411_26338955455688350_842514845108969999_n.jpg?resize=700%2C400&ssl=1 2x, https:\/\/i0.wp.com\/jornalrol.com.br\/wp-content\/uploads\/2026\/02\/627365411_26338955455688350_842514845108969999_n.jpg?resize=1050%2C600&ssl=1 3x"},"classes":[]},{"id":38826,"url":"https:\/\/jornalrol.com.br\/?p=38826","url_meta":{"origin":80439,"position":3},"title":"Direto de Angola para o Brasil, Gabriela Lopes entrevista o professor e escritor Ant\u00f4nio Alexandre","author":"Gabriela Lopes dos Santos","date":"22 de mar\u00e7o de 2021","format":false,"excerpt":"\"A carreira de docente foi abra\u00e7ada por necessidades, ou seja, com a minha 5\u00aa\u00a0 classe j\u00e1 falava e escrevia corretamente a l\u00edngua Inglesa e, com o\u00a0 decorrer do tempo, me tornei um falante e passei tamb\u00e9m a ensinar os amigos.\" (Ant\u00f4nio Alexandre) Seja bem-vindo \u00e0 entrevista ao Jornal Rol cultural.\u2026","rel":"","context":"Em &quot;Comunica\u00e7\u00e3o&quot;","block_context":{"text":"Comunica\u00e7\u00e3o","link":"https:\/\/jornalrol.com.br\/?cat=7"},"img":{"alt_text":"","src":"https:\/\/i0.wp.com\/jornalrol.com.br\/wp-content\/uploads\/2021\/03\/65722049_462203144609334_4910797372100968448_o.jpg?resize=350%2C200&ssl=1","width":350,"height":200,"srcset":"https:\/\/i0.wp.com\/jornalrol.com.br\/wp-content\/uploads\/2021\/03\/65722049_462203144609334_4910797372100968448_o.jpg?resize=350%2C200&ssl=1 1x, https:\/\/i0.wp.com\/jornalrol.com.br\/wp-content\/uploads\/2021\/03\/65722049_462203144609334_4910797372100968448_o.jpg?resize=525%2C300&ssl=1 1.5x, https:\/\/i0.wp.com\/jornalrol.com.br\/wp-content\/uploads\/2021\/03\/65722049_462203144609334_4910797372100968448_o.jpg?resize=700%2C400&ssl=1 2x, https:\/\/i0.wp.com\/jornalrol.com.br\/wp-content\/uploads\/2021\/03\/65722049_462203144609334_4910797372100968448_o.jpg?resize=1050%2C600&ssl=1 3x, https:\/\/i0.wp.com\/jornalrol.com.br\/wp-content\/uploads\/2021\/03\/65722049_462203144609334_4910797372100968448_o.jpg?resize=1400%2C800&ssl=1 4x"},"classes":[]},{"id":14639,"url":"https:\/\/jornalrol.com.br\/?p=14639","url_meta":{"origin":80439,"position":4},"title":"Professora da rede p\u00fablica de Cerquilho apresenta m\u00fasica em LIBRAS","author":"Helio Rubens","date":"14 de novembro de 2017","format":false,"excerpt":"Professora da rede p\u00fablica de Cerquilho apresenta m\u00fasica em LIBRAS \u00a0 Recentemente, todo pa\u00eds se surpreendeu com o tema de reda\u00e7\u00e3o escolhido para o Exame Nacional do Ensino M\u00e9dio: \"Desafios para a forma\u00e7\u00e3o educacional de surdos no Brasil\". Em meio a um ano t\u00e3o pol\u00eamico, esse debate n\u00e3o estava entre\u2026","rel":"","context":"Em &quot;Comunica\u00e7\u00e3o&quot;","block_context":{"text":"Comunica\u00e7\u00e3o","link":"https:\/\/jornalrol.com.br\/?cat=7"},"img":{"alt_text":"","src":"https:\/\/i0.wp.com\/www.jornalrol.com.br\/wp-content\/uploads\/2017\/11\/20-09-037-1-300x225.jpg?resize=350%2C200","width":350,"height":200},"classes":[]},{"id":75325,"url":"https:\/\/jornalrol.com.br\/?p=75325","url_meta":{"origin":80439,"position":5},"title":"Universidade e ensino da L\u00edngua Portuguesa","author":"Renata da Silva de Barcellos","date":"4 de setembro de 2025","format":false,"excerpt":"A palavra \u2018universidade\u2019 vem do latim \u201cuniversitas\u201d cujo significado \u00e9 \u2018universalidade\u2019, \u2018totalidade\u2019 ou \u2018corpora\u00e7\u00e3o\u2019. Inicialmente, \u201cuniversitas\u201d referia-se a","rel":"","context":"Em &quot;artigos&quot;","block_context":{"text":"artigos","link":"https:\/\/jornalrol.com.br\/?cat=9398"},"img":{"alt_text":"Professora Renata Barcellos em sala de aula - Foto por alunos do Nave RJ","src":"https:\/\/i0.wp.com\/jornalrol.com.br\/wp-content\/uploads\/2025\/09\/IMG-20250731-WA0274.jpg?resize=350%2C200&ssl=1","width":350,"height":200,"srcset":"https:\/\/i0.wp.com\/jornalrol.com.br\/wp-content\/uploads\/2025\/09\/IMG-20250731-WA0274.jpg?resize=350%2C200&ssl=1 1x, https:\/\/i0.wp.com\/jornalrol.com.br\/wp-content\/uploads\/2025\/09\/IMG-20250731-WA0274.jpg?resize=525%2C300&ssl=1 1.5x, https:\/\/i0.wp.com\/jornalrol.com.br\/wp-content\/uploads\/2025\/09\/IMG-20250731-WA0274.jpg?resize=700%2C400&ssl=1 2x, https:\/\/i0.wp.com\/jornalrol.com.br\/wp-content\/uploads\/2025\/09\/IMG-20250731-WA0274.jpg?resize=1050%2C600&ssl=1 3x"},"classes":[]}],"_links":{"self":[{"href":"https:\/\/jornalrol.com.br\/index.php?rest_route=\/wp\/v2\/posts\/80439","targetHints":{"allow":["GET"]}}],"collection":[{"href":"https:\/\/jornalrol.com.br\/index.php?rest_route=\/wp\/v2\/posts"}],"about":[{"href":"https:\/\/jornalrol.com.br\/index.php?rest_route=\/wp\/v2\/types\/post"}],"author":[{"embeddable":true,"href":"https:\/\/jornalrol.com.br\/index.php?rest_route=\/wp\/v2\/users\/121"}],"replies":[{"embeddable":true,"href":"https:\/\/jornalrol.com.br\/index.php?rest_route=%2Fwp%2Fv2%2Fcomments&post=80439"}],"version-history":[{"count":2,"href":"https:\/\/jornalrol.com.br\/index.php?rest_route=\/wp\/v2\/posts\/80439\/revisions"}],"predecessor-version":[{"id":80442,"href":"https:\/\/jornalrol.com.br\/index.php?rest_route=\/wp\/v2\/posts\/80439\/revisions\/80442"}],"wp:featuredmedia":[{"embeddable":true,"href":"https:\/\/jornalrol.com.br\/index.php?rest_route=\/wp\/v2\/media\/80440"}],"wp:attachment":[{"href":"https:\/\/jornalrol.com.br\/index.php?rest_route=%2Fwp%2Fv2%2Fmedia&parent=80439"}],"wp:term":[{"taxonomy":"category","embeddable":true,"href":"https:\/\/jornalrol.com.br\/index.php?rest_route=%2Fwp%2Fv2%2Fcategories&post=80439"},{"taxonomy":"post_tag","embeddable":true,"href":"https:\/\/jornalrol.com.br\/index.php?rest_route=%2Fwp%2Fv2%2Ftags&post=80439"}],"curies":[{"name":"wp","href":"https:\/\/api.w.org\/{rel}","templated":true}]}}