{"id":80483,"date":"2026-04-30T17:46:09","date_gmt":"2026-04-30T20:46:09","guid":{"rendered":"https:\/\/jornalrol.com.br\/?p=80483"},"modified":"2026-04-30T17:46:16","modified_gmt":"2026-04-30T20:46:16","slug":"avanco-tecnologico-e-relacoes-humanas","status":"publish","type":"post","link":"https:\/\/jornalrol.com.br\/?p=80483","title":{"rendered":"Avan\u00e7o tecnol\u00f3gico e rela\u00e7\u00f5es humanas"},"content":{"rendered":"<div class=\"pdfprnt-buttons pdfprnt-buttons-post pdfprnt-top-right\"><a href=\"https:\/\/jornalrol.com.br\/index.php?rest_route=%2Fwp%2Fv2%2Fposts%2F80483&print=pdf\" class=\"pdfprnt-button pdfprnt-button-pdf\" target=\"_blank\" ><\/a><a href=\"https:\/\/jornalrol.com.br\/index.php?rest_route=%2Fwp%2Fv2%2Fposts%2F80483&print=print\" class=\"pdfprnt-button pdfprnt-button-print\" target=\"_blank\" ><img decoding=\"async\" src=\"https:\/\/jornalrol.com.br\/wp-content\/plugins\/pdf-print\/images\/print.png\" alt=\"image_print\" title=\"Conte\u00fado de impress\u00e3o\" \/><\/a><\/div>\n<h2 class=\"wp-block-heading has-text-align-center\">Evani Rocha: &#8216;Avan\u00e7o tecnol\u00f3gico e rela\u00e7\u00f5es humanas&#8217;<br><br><\/h2>\n\n\n<div class=\"wp-block-image\">\n<figure class=\"aligncenter size-full is-resized\"><img loading=\"lazy\" decoding=\"async\" width=\"820\" height=\"967\" data-attachment-id=\"73143\" data-permalink=\"https:\/\/jornalrol.com.br\/?attachment_id=73143\" data-orig-file=\"https:\/\/jornalrol.com.br\/wp-content\/uploads\/2025\/05\/b9f17e15-94f0-4754-bc1a-9d4c1dcb042f.jpg\" data-orig-size=\"820,967\" data-comments-opened=\"1\" data-image-meta=\"{&quot;aperture&quot;:&quot;0&quot;,&quot;credit&quot;:&quot;&quot;,&quot;camera&quot;:&quot;&quot;,&quot;caption&quot;:&quot;&quot;,&quot;created_timestamp&quot;:&quot;0&quot;,&quot;copyright&quot;:&quot;&quot;,&quot;focal_length&quot;:&quot;0&quot;,&quot;iso&quot;:&quot;0&quot;,&quot;shutter_speed&quot;:&quot;0&quot;,&quot;title&quot;:&quot;&quot;,&quot;orientation&quot;:&quot;0&quot;}\" data-image-title=\"b9f17e15-94f0-4754-bc1a-9d4c1dcb042f\" data-image-description=\"&lt;p&gt;Evani Rocha&lt;\/p&gt;\n\" data-image-caption=\"&lt;p&gt;Evani Rocha&lt;\/p&gt;\n\" data-large-file=\"https:\/\/jornalrol.com.br\/wp-content\/uploads\/2025\/05\/b9f17e15-94f0-4754-bc1a-9d4c1dcb042f.jpg\" src=\"http:\/\/jornalrol.com.br\/wp-content\/uploads\/2025\/05\/b9f17e15-94f0-4754-bc1a-9d4c1dcb042f.jpg\" alt=\"Evani Rocha\" class=\"wp-image-73143\" style=\"aspect-ratio:0.8479971561070985;width:152px;height:auto\" srcset=\"https:\/\/jornalrol.com.br\/wp-content\/uploads\/2025\/05\/b9f17e15-94f0-4754-bc1a-9d4c1dcb042f.jpg 820w, https:\/\/jornalrol.com.br\/wp-content\/uploads\/2025\/05\/b9f17e15-94f0-4754-bc1a-9d4c1dcb042f-768x906.jpg 768w\" sizes=\"auto, (max-width: 820px) 100vw, 820px\" \/><figcaption class=\"wp-element-caption\">Evani Rocha<\/figcaption><\/figure>\n<\/div>\n\n<div class=\"wp-block-image\">\n<figure class=\"aligncenter size-full is-resized\"><img loading=\"lazy\" decoding=\"async\" width=\"512\" height=\"512\" data-attachment-id=\"80484\" data-permalink=\"https:\/\/jornalrol.com.br\/?attachment_id=80484\" data-orig-file=\"https:\/\/jornalrol.com.br\/wp-content\/uploads\/2026\/04\/Imagem-gerada-por-IA-do-Gencraft-em-30-de-abril-de-2026-as-09h21.jpg\" data-orig-size=\"512,512\" data-comments-opened=\"1\" data-image-meta=\"{&quot;aperture&quot;:&quot;0&quot;,&quot;credit&quot;:&quot;&quot;,&quot;camera&quot;:&quot;&quot;,&quot;caption&quot;:&quot;&quot;,&quot;created_timestamp&quot;:&quot;0&quot;,&quot;copyright&quot;:&quot;&quot;,&quot;focal_length&quot;:&quot;0&quot;,&quot;iso&quot;:&quot;0&quot;,&quot;shutter_speed&quot;:&quot;0&quot;,&quot;title&quot;:&quot;&quot;,&quot;orientation&quot;:&quot;0&quot;}\" data-image-title=\"Imagem gerada por IA do Gencraft em 30 de abril de 2026 \u00e0s 09h21\" data-image-description=\"\" data-image-caption=\"\" data-large-file=\"https:\/\/jornalrol.com.br\/wp-content\/uploads\/2026\/04\/Imagem-gerada-por-IA-do-Gencraft-em-30-de-abril-de-2026-as-09h21.jpg\" src=\"https:\/\/jornalrol.com.br\/wp-content\/uploads\/2026\/04\/Imagem-gerada-por-IA-do-Gencraft-em-30-de-abril-de-2026-as-09h21.jpg\" alt=\"\" class=\"wp-image-80484\" style=\"width:418px;height:auto\"\/><figcaption class=\"wp-element-caption\"><em>Imagem gerada pela IA do Gencraft &#8211; <\/em>30 de abril de 2026, \u00e0s 09h21<\/figcaption><\/figure>\n<\/div>\n\n\n<p class=\"has-drop-cap\">Qual a sua percep\u00e7\u00e3o sobre o mundo \u00e0 sua volta? Voc\u00ea \u00e9 do tipo que sempre enxerga o \u2018copo quase cheio\u2019? Na verdade, ningu\u00e9m \u00e9 otimista o tempo todo, haja vista, os tempos dif\u00edceis que vivemos! Por um lado, os avan\u00e7os da tecnologia que tornou a vida mais pr\u00e1tica. O surgimento da potencialidade da IA nos assusta. Vivemos em uma era digital, por\u00e9m de incertezas, quanto ao futuro da Intelig\u00eancia Artificial. \u00c0s vezes tememos pelo que o homem, de posse desse \u2018poder\u2019, possa fazer\u2026! (\u00c9 um dos grandes desafios \u00e9ticos que o ser humano ter\u00e1 que enfrentar).<\/p>\n\n\n\n<p>Por outro lado, parece que ainda n\u00e3o sa\u00edmos das cavernas. Os notici\u00e1rios diariamente noticiam casos criminais que ultrapassam o horror: roubar, furtar, usurpar, torturar e matar, entre outros, tem se tornado casos rotineiros na sociedade. Parece que a vida perdeu totalmente o valor!<\/p>\n\n\n\n<p>Nos perguntamos: onde est\u00e1 a sabedoria e intelig\u00eancia humana, criadora dessa t\u00e3o avan\u00e7ada tecnologia? Chegamos praticamente ao \u00e1pice tecnol\u00f3gico e estamos descendo ao \u2018abismo da humanidade?!\u2019 N\u00e3o \u00e9 poss\u00edvel que possamos aceitar esses crimes absurdos como normais. N\u00e3o podemos mais viver em paz, assistindo a esse show de horrores, cotidianamente! <\/p>\n\n\n\n<p>N\u00e3o \u00e9 porque \u00e9 com o outro, pois um dia, infelizmente, pode bater \u00e0 nossa porta. Precisamos urgentemente fazer uma an\u00e1lise da nossa percep\u00e7\u00e3o sobre o mundo em que estamos. Quebrar certos velhos paradigmas s\u00f3 \u00e9 poss\u00edvel quando clareamos essa percep\u00e7\u00e3o e mudamos nossa forma de agir. A mudan\u00e7a come\u00e7a em nosso mundo interior, para ent\u00e3o, ganhar o ambiente exterior. O ambiente exterior \u00e9 a fam\u00edlia, a educa\u00e7\u00e3o e os valores que passamos aos nossos filhos; os ambientes em que os jovens frequentam, a escola. A educa\u00e7\u00e3o nas escolas n\u00e3o pode ser s\u00f3 \u2018conte\u00fado\u2019, precisa disciplinar, transmitir valores, como respeito, cuidado, empatia e amor ao outro!<\/p>\n\n\n\n<p>A educa\u00e7\u00e3o formal \u00e9 apenas um ramo da forma\u00e7\u00e3o de um cidad\u00e3o. E penso que \u00e9 para agora, urgentemente, desde os pequeninos, aos jovens, saindo do ensino m\u00e9dio. Muitos outros ramos devem ser acrescidos nessa \u2018\u00e1rvore da forma\u00e7\u00e3o de um cidad\u00e3o\u2019: que seja mais humano, que olhe o outro com empatia, que internalize valores, como respeito, responsabilidade, amor \u00e0 vida\u2026, n\u00e3o somente \u00e0 sua vida, mas a vida do outro, dos animais, da natureza em geral. Assim, talvez para um futuro a m\u00e9dio e longo prazo, consigamos quebrar esse ciclo venenoso de criminalidade que est\u00e1 tomando conta das sociedades, n\u00e3o s\u00f3 no Brasil, mas em sociedades pelo mundo.<\/p>\n\n\n\n<p>Que n\u00e3o seja utopia, coexistir, uma sociedade que possa tirar proveito de todos os benef\u00edcios da tecnologia, ao mesmo tempo que vivencia rela\u00e7\u00f5es humanas mais saud\u00e1veis e pac\u00edficas!<\/p>\n\n\n\n<h3 class=\"wp-block-heading has-text-align-center\"><br>Evani Rocha<\/h3>\n\n\n\n<div class=\"wp-block-columns is-layout-flex wp-container-core-columns-is-layout-9d6595d7 wp-block-columns-is-layout-flex\">\n<div class=\"wp-block-column is-layout-flow wp-block-column-is-layout-flow\">\n<h3 class=\"wp-block-heading has-text-align-center has-luminous-vivid-amber-to-luminous-vivid-orange-gradient-background has-background\"><a href=\"https:\/\/www.facebook.com\/evani.rocha.58\" target=\"_blank\" rel=\"noopener\" title=\"Facebook\">Facebook<\/a><\/h3>\n<\/div>\n\n\n\n<div class=\"wp-block-column is-layout-flow wp-block-column-is-layout-flow\">\n<h3 class=\"wp-block-heading has-text-align-center has-luminous-vivid-amber-to-luminous-vivid-orange-gradient-background has-background\"><a href=\"https:\/\/www.instagram.com\/evani_rochaa\/\" title=\"Instagram\">Instagram<\/a><\/h3>\n<\/div>\n<\/div>\n\n\n\n<p><a href=\"https:\/\/jornalrol.com.br\/\" title=\"Voltar\">Voltar<\/a><\/p>\n\n\n\n<p><a href=\"https:\/\/www.facebook.com\/JCulturalrol\/\" title=\"Facebook\">Facebook<\/a><\/p>\n\n\n\n<p class=\"has-text-align-center\"><br><\/p>\n","protected":false},"excerpt":{"rendered":"<p>Qual a sua percep\u00e7\u00e3o sobre o mundo \u00e0 sua volta? Voc\u00ea \u00e9 do tipo que sempre enxerga o \u2018copo quase cheio\u2019? Na verdade, ningu\u00e9m \u00e9 otimista o tempo todo, haja&#8230; <\/p>\n","protected":false},"author":94,"featured_media":80484,"comment_status":"open","ping_status":"closed","sticky":false,"template":"","format":"standard","meta":{"_jetpack_newsletter_access":"","_jetpack_dont_email_post_to_subs":false,"_jetpack_newsletter_tier_id":0,"_jetpack_memberships_contains_paywalled_content":false,"_jetpack_memberships_contains_paid_content":false,"footnotes":""},"categories":[16704,9285],"tags":[16799,16801,16802,11685,7446,16800],"class_list":["post-80483","post","type-post","status-publish","format-standard","has-post-thumbnail","hentry","category-artigo-de-opiniao","category-literatura","tag-avanco-tecnologico","tag-desafios-eticos","tag-era-digital","tag-ia","tag-relacoes-humanas","tag-tempos-dificeis"],"aioseo_notices":[],"views":100,"jetpack_featured_media_url":"https:\/\/jornalrol.com.br\/wp-content\/uploads\/2026\/04\/Imagem-gerada-por-IA-do-Gencraft-em-30-de-abril-de-2026-as-09h21.jpg","jetpack_sharing_enabled":true,"jetpack_likes_enabled":true,"jetpack-related-posts":[{"id":63945,"url":"https:\/\/jornalrol.com.br\/?p=63945","url_meta":{"origin":80483,"position":0},"title":"No Quadro do ROL, a arte po\u00e9tica de Evani Rocha!","author":"Sergio Diniz da Costa","date":"26 de dezembro de 2023","format":false,"excerpt":"Eu n\u00e3o sabia o que era o mar at\u00e9 velejar em suas \u00e1guas geladas e profundas; at\u00e9 encantar-me com um p\u00f4r do Sol que beijava a praia\u2026 Eu conheci o mar quando...","rel":"","context":"Em &quot;Apresenta\u00e7\u00e3o de colunista&quot;","block_context":{"text":"Apresenta\u00e7\u00e3o de colunista","link":"https:\/\/jornalrol.com.br\/?cat=10981"},"img":{"alt_text":"Evani Rocha","src":"https:\/\/i0.wp.com\/jornalrol.com.br\/wp-content\/uploads\/2023\/12\/FOTO-JORNAL-ROL.jpg?resize=350%2C200&ssl=1","width":350,"height":200},"classes":[]},{"id":68026,"url":"https:\/\/jornalrol.com.br\/?p=68026","url_meta":{"origin":80483,"position":1},"title":"Por aonde andei?","author":"Evani Ferreira Rocha","date":"12 de julho de 2024","format":false,"excerpt":"Por aonde andei naqueles tristes dias? Porque n\u00e3o vi sequer a minha sombra, perdeu-se de meus olhos a luz e de minha boca, as palavras... Onde foi que...","rel":"","context":"Em &quot;Literatura&quot;","block_context":{"text":"Literatura","link":"https:\/\/jornalrol.com.br\/?cat=9285"},"img":{"alt_text":"Paisagem da Chapada dos Guimar\u00e3es - MT - Foto por Evani Rocha","src":"https:\/\/i0.wp.com\/jornalrol.com.br\/wp-content\/uploads\/2024\/07\/f61e5a18-4627-4db5-a5d3-a8df3adefc69.jpeg?resize=350%2C200&ssl=1","width":350,"height":200,"srcset":"https:\/\/i0.wp.com\/jornalrol.com.br\/wp-content\/uploads\/2024\/07\/f61e5a18-4627-4db5-a5d3-a8df3adefc69.jpeg?resize=350%2C200&ssl=1 1x, https:\/\/i0.wp.com\/jornalrol.com.br\/wp-content\/uploads\/2024\/07\/f61e5a18-4627-4db5-a5d3-a8df3adefc69.jpeg?resize=525%2C300&ssl=1 1.5x"},"classes":[]},{"id":67723,"url":"https:\/\/jornalrol.com.br\/?p=67723","url_meta":{"origin":80483,"position":2},"title":"O &#8216;S\u00e3o Jo\u00e3o&#8217; de minha inf\u00e2ncia","author":"Evani Ferreira Rocha","date":"24 de junho de 2024","format":false,"excerpt":"Hoje \u00e9 dia vinte e quatro. Nuvens passam espalhadas no c\u00e9u, como fiapos brancos de algod\u00e3o, num fundo, azul profundo, me dizendo que \u00e9 c\u00e9u de junho.","rel":"","context":"Em &quot;Literatura&quot;","block_context":{"text":"Literatura","link":"https:\/\/jornalrol.com.br\/?cat=9285"},"img":{"alt_text":"Imagem criada pela IA do Gencraft","src":"https:\/\/i0.wp.com\/jornalrol.com.br\/wp-content\/uploads\/2024\/06\/a2187813-36f6-4dfb-bed4-80c6699e7402.jpg?resize=350%2C200&ssl=1","width":350,"height":200,"srcset":"https:\/\/i0.wp.com\/jornalrol.com.br\/wp-content\/uploads\/2024\/06\/a2187813-36f6-4dfb-bed4-80c6699e7402.jpg?resize=350%2C200&ssl=1 1x, https:\/\/i0.wp.com\/jornalrol.com.br\/wp-content\/uploads\/2024\/06\/a2187813-36f6-4dfb-bed4-80c6699e7402.jpg?resize=525%2C300&ssl=1 1.5x"},"classes":[]},{"id":64899,"url":"https:\/\/jornalrol.com.br\/?p=64899","url_meta":{"origin":80483,"position":3},"title":"Mulher","author":"Evani Ferreira Rocha","date":"8 de mar\u00e7o de 2024","format":false,"excerpt":"Ela \u00e9 o caos na sua perfei\u00e7\u00e3o de mulher moderna, no seu estere\u00f3tipo de rainha do lar... Mas ela quebra paradigmas, sabe ser elegante, generosa, assertiva e...","rel":"","context":"Em &quot;Literatura&quot;","block_context":{"text":"Literatura","link":"https:\/\/jornalrol.com.br\/?cat=9285"},"img":{"alt_text":"Mulher","src":"https:\/\/i0.wp.com\/jornalrol.com.br\/wp-content\/uploads\/2024\/03\/92f94f47-c120-47ab-8668-8b143dd726c9.jpg?resize=350%2C200&ssl=1","width":350,"height":200,"srcset":"https:\/\/i0.wp.com\/jornalrol.com.br\/wp-content\/uploads\/2024\/03\/92f94f47-c120-47ab-8668-8b143dd726c9.jpg?resize=350%2C200&ssl=1 1x, https:\/\/i0.wp.com\/jornalrol.com.br\/wp-content\/uploads\/2024\/03\/92f94f47-c120-47ab-8668-8b143dd726c9.jpg?resize=525%2C300&ssl=1 1.5x, https:\/\/i0.wp.com\/jornalrol.com.br\/wp-content\/uploads\/2024\/03\/92f94f47-c120-47ab-8668-8b143dd726c9.jpg?resize=700%2C400&ssl=1 2x"},"classes":[]},{"id":64303,"url":"https:\/\/jornalrol.com.br\/?p=64303","url_meta":{"origin":80483,"position":4},"title":"Mem\u00f3ria","author":"Evani Ferreira Rocha","date":"15 de janeiro de 2024","format":false,"excerpt":"J\u00e1 decorei tua arquitetura, tuas ruelas de pedras, as fachadas coloridas disfar\u00e7adas de arco-\u00edris. J\u00e1 pisei tuas cal\u00e7adas, bebi tuas \u00e1guas, tua fala, teu olhar,","rel":"","context":"Em &quot;Literatura&quot;","block_context":{"text":"Literatura","link":"https:\/\/jornalrol.com.br\/?cat=9285"},"img":{"alt_text":"","src":"https:\/\/i0.wp.com\/jornalrol.com.br\/wp-content\/uploads\/2024\/01\/Foto-por-Evani-Rocha-Castelo-da-Pena-e-Palacios-Mouros-Sintra-Portugal.jpg?resize=350%2C200&ssl=1","width":350,"height":200,"srcset":"https:\/\/i0.wp.com\/jornalrol.com.br\/wp-content\/uploads\/2024\/01\/Foto-por-Evani-Rocha-Castelo-da-Pena-e-Palacios-Mouros-Sintra-Portugal.jpg?resize=350%2C200&ssl=1 1x, https:\/\/i0.wp.com\/jornalrol.com.br\/wp-content\/uploads\/2024\/01\/Foto-por-Evani-Rocha-Castelo-da-Pena-e-Palacios-Mouros-Sintra-Portugal.jpg?resize=525%2C300&ssl=1 1.5x, https:\/\/i0.wp.com\/jornalrol.com.br\/wp-content\/uploads\/2024\/01\/Foto-por-Evani-Rocha-Castelo-da-Pena-e-Palacios-Mouros-Sintra-Portugal.jpg?resize=700%2C400&ssl=1 2x"},"classes":[]},{"id":64119,"url":"https:\/\/jornalrol.com.br\/?p=64119","url_meta":{"origin":80483,"position":5},"title":"O ciclo","author":"Evani Ferreira Rocha","date":"5 de janeiro de 2024","format":false,"excerpt":"Eu sou sua hist\u00f3ria n\u00e3o escrita. O livro que n\u00e3o terminou de ler. Sou a chegada e a partida, a indecis\u00e3o que n\u00e3o pode resolver. Eu sou as linhas indefinidas...","rel":"","context":"Em &quot;Literatura&quot;","block_context":{"text":"Literatura","link":"https:\/\/jornalrol.com.br\/?cat=9285"},"img":{"alt_text":"Lago Di Garda, na It\u00e1lia. Foto por Evani Rocha","src":"https:\/\/i0.wp.com\/jornalrol.com.br\/wp-content\/uploads\/2024\/01\/271498fe-315c-4db1-be74-3109aedd25d5.jpg?resize=350%2C200&ssl=1","width":350,"height":200,"srcset":"https:\/\/i0.wp.com\/jornalrol.com.br\/wp-content\/uploads\/2024\/01\/271498fe-315c-4db1-be74-3109aedd25d5.jpg?resize=350%2C200&ssl=1 1x, https:\/\/i0.wp.com\/jornalrol.com.br\/wp-content\/uploads\/2024\/01\/271498fe-315c-4db1-be74-3109aedd25d5.jpg?resize=525%2C300&ssl=1 1.5x, https:\/\/i0.wp.com\/jornalrol.com.br\/wp-content\/uploads\/2024\/01\/271498fe-315c-4db1-be74-3109aedd25d5.jpg?resize=700%2C400&ssl=1 2x"},"classes":[]}],"_links":{"self":[{"href":"https:\/\/jornalrol.com.br\/index.php?rest_route=\/wp\/v2\/posts\/80483","targetHints":{"allow":["GET"]}}],"collection":[{"href":"https:\/\/jornalrol.com.br\/index.php?rest_route=\/wp\/v2\/posts"}],"about":[{"href":"https:\/\/jornalrol.com.br\/index.php?rest_route=\/wp\/v2\/types\/post"}],"author":[{"embeddable":true,"href":"https:\/\/jornalrol.com.br\/index.php?rest_route=\/wp\/v2\/users\/94"}],"replies":[{"embeddable":true,"href":"https:\/\/jornalrol.com.br\/index.php?rest_route=%2Fwp%2Fv2%2Fcomments&post=80483"}],"version-history":[{"count":2,"href":"https:\/\/jornalrol.com.br\/index.php?rest_route=\/wp\/v2\/posts\/80483\/revisions"}],"predecessor-version":[{"id":80486,"href":"https:\/\/jornalrol.com.br\/index.php?rest_route=\/wp\/v2\/posts\/80483\/revisions\/80486"}],"wp:featuredmedia":[{"embeddable":true,"href":"https:\/\/jornalrol.com.br\/index.php?rest_route=\/wp\/v2\/media\/80484"}],"wp:attachment":[{"href":"https:\/\/jornalrol.com.br\/index.php?rest_route=%2Fwp%2Fv2%2Fmedia&parent=80483"}],"wp:term":[{"taxonomy":"category","embeddable":true,"href":"https:\/\/jornalrol.com.br\/index.php?rest_route=%2Fwp%2Fv2%2Fcategories&post=80483"},{"taxonomy":"post_tag","embeddable":true,"href":"https:\/\/jornalrol.com.br\/index.php?rest_route=%2Fwp%2Fv2%2Ftags&post=80483"}],"curies":[{"name":"wp","href":"https:\/\/api.w.org\/{rel}","templated":true}]}}