{"id":80491,"date":"2026-04-30T18:32:36","date_gmt":"2026-04-30T21:32:36","guid":{"rendered":"https:\/\/jornalrol.com.br\/?p=80491"},"modified":"2026-04-30T18:32:43","modified_gmt":"2026-04-30T21:32:43","slug":"corpo-lume-em-terra","status":"publish","type":"post","link":"https:\/\/jornalrol.com.br\/?p=80491","title":{"rendered":"Corpo lume em terra"},"content":{"rendered":"<div class=\"pdfprnt-buttons pdfprnt-buttons-post pdfprnt-top-right\"><a href=\"https:\/\/jornalrol.com.br\/index.php?rest_route=%2Fwp%2Fv2%2Fposts%2F80491&print=pdf\" class=\"pdfprnt-button pdfprnt-button-pdf\" target=\"_blank\" ><\/a><a href=\"https:\/\/jornalrol.com.br\/index.php?rest_route=%2Fwp%2Fv2%2Fposts%2F80491&print=print\" class=\"pdfprnt-button pdfprnt-button-print\" target=\"_blank\" ><img decoding=\"async\" src=\"https:\/\/jornalrol.com.br\/wp-content\/plugins\/pdf-print\/images\/print.png\" alt=\"image_print\" title=\"Conte\u00fado de impress\u00e3o\" \/><\/a><\/div>\n<h2 class=\"wp-block-heading has-text-align-center\">Ella Dominici: Poema &#8216;Corpo Lume em Terra&#8217;<br><br><\/h2>\n\n\n<div class=\"wp-block-image\">\n<figure class=\"aligncenter size-full is-resized\"><img loading=\"lazy\" decoding=\"async\" width=\"720\" height=\"720\" data-attachment-id=\"63406\" data-permalink=\"https:\/\/jornalrol.com.br\/?attachment_id=63406\" data-orig-file=\"https:\/\/jornalrol.com.br\/wp-content\/uploads\/2023\/11\/WhatsApp-Image-2023-11-26-at-17.47.55.jpeg\" data-orig-size=\"720,720\" data-comments-opened=\"0\" data-image-meta=\"{&quot;aperture&quot;:&quot;0&quot;,&quot;credit&quot;:&quot;&quot;,&quot;camera&quot;:&quot;&quot;,&quot;caption&quot;:&quot;&quot;,&quot;created_timestamp&quot;:&quot;0&quot;,&quot;copyright&quot;:&quot;&quot;,&quot;focal_length&quot;:&quot;0&quot;,&quot;iso&quot;:&quot;0&quot;,&quot;shutter_speed&quot;:&quot;0&quot;,&quot;title&quot;:&quot;&quot;,&quot;orientation&quot;:&quot;0&quot;}\" data-image-title=\"WhatsApp-Image-2023-11-26-at-17.47.55\" data-image-description=\"&lt;p&gt;Ella Dominici&lt;\/p&gt;\n\" data-image-caption=\"&lt;p&gt;Ella Dominici&lt;\/p&gt;\n\" data-large-file=\"https:\/\/jornalrol.com.br\/wp-content\/uploads\/2023\/11\/WhatsApp-Image-2023-11-26-at-17.47.55.jpeg\" src=\"http:\/\/jornalrol.com.br\/wp-content\/uploads\/2023\/11\/WhatsApp-Image-2023-11-26-at-17.47.55.jpeg\" alt=\"Ella Dominici\" class=\"wp-image-63406\" style=\"width:210px;height:auto\"\/><figcaption class=\"wp-element-caption\">Ella Dominici<\/figcaption><\/figure>\n<\/div>\n\n<div class=\"wp-block-image\">\n<figure class=\"aligncenter size-full\"><img loading=\"lazy\" decoding=\"async\" width=\"1024\" height=\"559\" data-attachment-id=\"80492\" data-permalink=\"https:\/\/jornalrol.com.br\/?attachment_id=80492\" data-orig-file=\"https:\/\/jornalrol.com.br\/wp-content\/uploads\/2026\/04\/cc3b1613-13b5-46cf-b9d4-72b1ee6da899.jpg\" data-orig-size=\"1024,559\" data-comments-opened=\"1\" data-image-meta=\"{&quot;aperture&quot;:&quot;0&quot;,&quot;credit&quot;:&quot;&quot;,&quot;camera&quot;:&quot;&quot;,&quot;caption&quot;:&quot;&quot;,&quot;created_timestamp&quot;:&quot;0&quot;,&quot;copyright&quot;:&quot;&quot;,&quot;focal_length&quot;:&quot;0&quot;,&quot;iso&quot;:&quot;0&quot;,&quot;shutter_speed&quot;:&quot;0&quot;,&quot;title&quot;:&quot;&quot;,&quot;orientation&quot;:&quot;0&quot;}\" data-image-title=\"cc3b1613-13b5-46cf-b9d4-72b1ee6da899\" data-image-description=\"\" data-image-caption=\"\" data-large-file=\"https:\/\/jornalrol.com.br\/wp-content\/uploads\/2026\/04\/cc3b1613-13b5-46cf-b9d4-72b1ee6da899.jpg\" src=\"https:\/\/jornalrol.com.br\/wp-content\/uploads\/2026\/04\/cc3b1613-13b5-46cf-b9d4-72b1ee6da899.jpg\" alt=\"\" class=\"wp-image-80492\" srcset=\"https:\/\/jornalrol.com.br\/wp-content\/uploads\/2026\/04\/cc3b1613-13b5-46cf-b9d4-72b1ee6da899.jpg 1024w, https:\/\/jornalrol.com.br\/wp-content\/uploads\/2026\/04\/cc3b1613-13b5-46cf-b9d4-72b1ee6da899-768x419.jpg 768w\" sizes=\"auto, (max-width: 1024px) 100vw, 1024px\" \/><figcaption class=\"wp-element-caption\"><em>Imagem criada pela IA do Gemini &#8211; https:\/\/gemini.google.com\/app\/fa884857680ba8c8?utm_source=app_launcher&amp;utm_medium=owned&amp;utm_campaign=base_all<\/em><\/figcaption><\/figure>\n<\/div>\n\n\n<p class=\"has-text-align-center\">Nasci da argila e da espera.<br>Sou parte do barro que sonhou ser rosto e permaneceu espelho.<br>Carrego comigo as veias abertas do que sente demais,<br>e o pulso secreto das coisas que n\u00e3o sabem morrer.<\/p>\n\n\n\n<p class=\"has-text-align-center\">H\u00e1 em mim a casa e o ex\u00edlio.<br>A casa \u00e9 onde o olhar repousa,<br>o ex\u00edlio \u00e9 quando o olhar n\u00e3o se reconhece.<br>E sigo, em cada rua, plantando pequenas eternidades:<br>palavras, gestos, sil\u00eancios,<br>pedras transparentes que a vida deixa como migalhas do invis\u00edvel.<\/p>\n\n\n\n<p class=\"has-text-align-center\">O amor, esse desassossego manso,<br>anda comigo, cal\u00e7ado de areia e espanto.<br>N\u00e3o pede posse \u2014 pede presen\u00e7a.<br>Ele chega como um sol que se desculpa por nascer tarde,<br>mas ainda aquece o corpo todo<\/p>\n\n\n\n<p class=\"has-text-align-center\">Direi:<br>sou o que restou da travessia \u2014 e o que come\u00e7a depois do naufr\u00e1gio.<br>Sou mulher de sal e aurora,<br>carrego oceanos no peito e um punhado de luz no escuro.<br>Sigo, mesmo cega, cora\u00e7\u00e3o conhece atalhos que a raz\u00e3o ignora.<\/p>\n\n\n\n<p class=\"has-text-align-center\">E quando a noite cai, volto a ser<br>palavra de cura,de mem\u00f3ria, de fogo.<br>Que sopra nas feridas e acende o invis\u00edvel.<br>E ainda que o mundo me esque\u00e7a,<br>sei que a vida \u2014 essa antiga amante \u2014 sempre volta,<br>com o perfume do imposs\u00edvel.<\/p>\n\n\n\n<h3 class=\"wp-block-heading has-text-align-center\"><br>Ella Dominici<\/h3>\n\n\n\n<div class=\"wp-block-columns is-layout-flex wp-container-core-columns-is-layout-9d6595d7 wp-block-columns-is-layout-flex\">\n<div class=\"wp-block-column is-layout-flow wp-block-column-is-layout-flow\">\n<h3 class=\"wp-block-heading has-text-align-center has-luminous-vivid-amber-to-luminous-vivid-orange-gradient-background has-background\"><a href=\"https:\/\/www.facebook.com\/ella.dominici.2025\" target=\"_blank\" rel=\"noopener\" title=\"Facebook\">Facebook<\/a><\/h3>\n<\/div>\n\n\n\n<div class=\"wp-block-column is-layout-flow wp-block-column-is-layout-flow\">\n<h3 class=\"wp-block-heading has-text-align-center has-luminous-vivid-amber-to-luminous-vivid-orange-gradient-background has-background\"><a href=\"hthttps:\/\/www.instagram.com\/ruteelladominici\/tps:\/\/www.instagram.com\/\" title=\"Instagram\">Instagram<\/a><\/h3>\n<\/div>\n<\/div>\n\n\n\n<p><a href=\"https:\/\/jornalrol.com.br\/\" title=\"Voltar\">Voltar<\/a><\/p>\n\n\n\n<p><a href=\"https:\/\/www.facebook.com\/JCulturalrol\/\" title=\"Facebook\">Facebook<\/a><\/p>\n\n\n\n<div class=\"wp-block-columns is-layout-flex wp-container-core-columns-is-layout-9d6595d7 wp-block-columns-is-layout-flex\">\n<div class=\"wp-block-column is-layout-flow wp-block-column-is-layout-flow\"><\/div>\n\n\n\n<div class=\"wp-block-column is-layout-flow wp-block-column-is-layout-flow\"><\/div>\n<\/div>\n\n\n\n<p><\/p>\n","protected":false},"excerpt":{"rendered":"<p>Nasci da argila e da espera. Sou parte do barro que sonhou ser rosto e permaneceu espelho. Carrego comigo as veias abertas do que sente demais, e o pulso&#8230;<\/p>\n","protected":false},"author":90,"featured_media":80492,"comment_status":"open","ping_status":"closed","sticky":false,"template":"","format":"standard","meta":{"_jetpack_newsletter_access":"","_jetpack_dont_email_post_to_subs":false,"_jetpack_newsletter_tier_id":0,"_jetpack_memberships_contains_paywalled_content":false,"_jetpack_memberships_contains_paid_content":false,"footnotes":""},"categories":[9285,58],"tags":[16807,16806,3428,16808,8688],"class_list":["post-80491","post","type-post","status-publish","format-standard","has-post-thumbnail","hentry","category-literatura","category-poesias","tag-a-casa-e-o-exilio","tag-barro-que-sonhou-ser-rosto","tag-espelho","tag-pequenas-eternidades","tag-veias-abertas"],"aioseo_notices":[],"views":114,"jetpack_featured_media_url":"https:\/\/jornalrol.com.br\/wp-content\/uploads\/2026\/04\/cc3b1613-13b5-46cf-b9d4-72b1ee6da899.jpg","jetpack_sharing_enabled":true,"jetpack_likes_enabled":true,"jetpack-related-posts":[{"id":72160,"url":"https:\/\/jornalrol.com.br\/?p=72160","url_meta":{"origin":80491,"position":0},"title":"Ess\u00eancia vision\u00e1ria","author":"Rute Ella Dominici","date":"21 de fevereiro de 2025","format":false,"excerpt":"Tem nos olhos a febre das manh\u00e3s que n\u00e3o dormem, um lume de mar\u00e9s que se escrevem em sarga\u00e7os. A palavra lhe nasce em s\u00edstoles de vento, tecendo sil\u00eancios de...","rel":"","context":"Em &quot;Literatura&quot;","block_context":{"text":"Literatura","link":"https:\/\/jornalrol.com.br\/?cat=9285"},"img":{"alt_text":"Imagem criada por IA do Bing - 21 de fevereiro de 2025, \u00e0s 5:51 AM","src":"https:\/\/i0.wp.com\/jornalrol.com.br\/wp-content\/uploads\/2025\/02\/4c147d5c-3af9-4061-b298-2e98a9955c80.jpg?resize=350%2C200&ssl=1","width":350,"height":200,"srcset":"https:\/\/i0.wp.com\/jornalrol.com.br\/wp-content\/uploads\/2025\/02\/4c147d5c-3af9-4061-b298-2e98a9955c80.jpg?resize=350%2C200&ssl=1 1x, https:\/\/i0.wp.com\/jornalrol.com.br\/wp-content\/uploads\/2025\/02\/4c147d5c-3af9-4061-b298-2e98a9955c80.jpg?resize=525%2C300&ssl=1 1.5x, https:\/\/i0.wp.com\/jornalrol.com.br\/wp-content\/uploads\/2025\/02\/4c147d5c-3af9-4061-b298-2e98a9955c80.jpg?resize=700%2C400&ssl=1 2x"},"classes":[]},{"id":65400,"url":"https:\/\/jornalrol.com.br\/?p=65400","url_meta":{"origin":80491,"position":1},"title":"Quintess\u00eancia","author":"Rute Ella Dominici","date":"31 de mar\u00e7o de 2024","format":false,"excerpt":"L'amour d\u00e9butant, luz de uma p\u00e9rola ainda molhada de mar, brilha \u00e1gua-\u00edris, em arcos te cintila dorme f\u00eamea minha de fios rubros. Os fios de teus cabelos...","rel":"","context":"Em &quot;Literatura&quot;","block_context":{"text":"Literatura","link":"https:\/\/jornalrol.com.br\/?cat=9285"},"img":{"alt_text":"Quintess\u00eancia. Casal afastado pelo adeus","src":"https:\/\/i0.wp.com\/jornalrol.com.br\/wp-content\/uploads\/2024\/03\/OIG2-9.jpg?resize=350%2C200&ssl=1","width":350,"height":200},"classes":[]},{"id":72048,"url":"https:\/\/jornalrol.com.br\/?p=72048","url_meta":{"origin":80491,"position":2},"title":"Gueixa: dama da noite","author":"Rute Ella Dominici","date":"14 de fevereiro de 2025","format":false,"excerpt":"Lua, que clara e evidente em seu raio e vig\u00edlia vislumbra no toc\u00e1vel olhar. Ela n\u00e3o se escolhe nem o pode, v\u00ea tulipas e cravos n\u00e3o os colhe. Jardineira...","rel":"","context":"Em &quot;Literatura&quot;","block_context":{"text":"Literatura","link":"https:\/\/jornalrol.com.br\/?cat=9285"},"img":{"alt_text":"Imagem criada por IA do Bing - 13 de fevereiro de 2025 \u00e0s 17:05 PM","src":"https:\/\/i0.wp.com\/jornalrol.com.br\/wp-content\/uploads\/2025\/02\/ba772ae8-3191-41a7-bcef-f30897f1c7aa.jpeg?resize=350%2C200&ssl=1","width":350,"height":200,"srcset":"https:\/\/i0.wp.com\/jornalrol.com.br\/wp-content\/uploads\/2025\/02\/ba772ae8-3191-41a7-bcef-f30897f1c7aa.jpeg?resize=350%2C200&ssl=1 1x, https:\/\/i0.wp.com\/jornalrol.com.br\/wp-content\/uploads\/2025\/02\/ba772ae8-3191-41a7-bcef-f30897f1c7aa.jpeg?resize=525%2C300&ssl=1 1.5x, https:\/\/i0.wp.com\/jornalrol.com.br\/wp-content\/uploads\/2025\/02\/ba772ae8-3191-41a7-bcef-f30897f1c7aa.jpeg?resize=700%2C400&ssl=1 2x"},"classes":[]},{"id":66789,"url":"https:\/\/jornalrol.com.br\/?p=66789","url_meta":{"origin":80491,"position":3},"title":"Desafiando o vital desafio: Invicto","author":"Rute Ella Dominici","date":"23 de maio de 2024","format":false,"excerpt":"Desejou Deus e o fez. Gemeu o mundo na cria\u00e7\u00e3o, gemido de \u00eaxtase no nascimento do universo, em explosiva emo\u00e7\u00e3o do espl\u00eandido. Formou luz, astros, cor e...","rel":"","context":"Em &quot;Literatura&quot;","block_context":{"text":"Literatura","link":"https:\/\/jornalrol.com.br\/?cat=9285"},"img":{"alt_text":"Microsoft Bing. Imagem criada pelo Designer","src":"https:\/\/i0.wp.com\/jornalrol.com.br\/wp-content\/uploads\/2024\/05\/e9f8ef3d-650b-4dfc-9449-5bc1d482a9c6-2.jpeg?resize=350%2C200&ssl=1","width":350,"height":200,"srcset":"https:\/\/i0.wp.com\/jornalrol.com.br\/wp-content\/uploads\/2024\/05\/e9f8ef3d-650b-4dfc-9449-5bc1d482a9c6-2.jpeg?resize=350%2C200&ssl=1 1x, https:\/\/i0.wp.com\/jornalrol.com.br\/wp-content\/uploads\/2024\/05\/e9f8ef3d-650b-4dfc-9449-5bc1d482a9c6-2.jpeg?resize=525%2C300&ssl=1 1.5x, https:\/\/i0.wp.com\/jornalrol.com.br\/wp-content\/uploads\/2024\/05\/e9f8ef3d-650b-4dfc-9449-5bc1d482a9c6-2.jpeg?resize=700%2C400&ssl=1 2x"},"classes":[]},{"id":73023,"url":"https:\/\/jornalrol.com.br\/?p=73023","url_meta":{"origin":80491,"position":4},"title":"Amorosidade entre terra e \u00e1rvore","author":"Rute Ella Dominici","date":"25 de abril de 2025","format":false,"excerpt":"Quando me sinto \u00e1rvore despe\u00e7o-me das folhas salpicadas que n\u00e3o mais abrigam frutos, partem ao ventar e levam um pouco de minha alma. Segurei-te amei-te...","rel":"","context":"Em &quot;Literatura&quot;","block_context":{"text":"Literatura","link":"https:\/\/jornalrol.com.br\/?cat=9285"},"img":{"alt_text":"Imagem criada por IA do Bing - 25 de abril de 2025, \u00e0s 08:39 PM","src":"https:\/\/i0.wp.com\/jornalrol.com.br\/wp-content\/uploads\/2025\/04\/OIG3-3.jpg?resize=350%2C200&ssl=1","width":350,"height":200,"srcset":"https:\/\/i0.wp.com\/jornalrol.com.br\/wp-content\/uploads\/2025\/04\/OIG3-3.jpg?resize=350%2C200&ssl=1 1x, https:\/\/i0.wp.com\/jornalrol.com.br\/wp-content\/uploads\/2025\/04\/OIG3-3.jpg?resize=525%2C300&ssl=1 1.5x, https:\/\/i0.wp.com\/jornalrol.com.br\/wp-content\/uploads\/2025\/04\/OIG3-3.jpg?resize=700%2C400&ssl=1 2x"},"classes":[]},{"id":64882,"url":"https:\/\/jornalrol.com.br\/?p=64882","url_meta":{"origin":80491,"position":5},"title":"Feminina de cor p\u00farpura no oceano da poesia","author":"Rute Ella Dominici","date":"8 de mar\u00e7o de 2024","format":false,"excerpt":"Ela \u00e9 enigm\u00e1tica e aquecedora de alma, algu\u00e9m que atravessa o som reverbera. refrat\u00e1ria das vis\u00f5es, brilha. Impalp\u00e1vel, \u00e0 mente se faz sentir e sente intoc\u00e1vel","rel":"","context":"Em &quot;Literatura&quot;","block_context":{"text":"Literatura","link":"https:\/\/jornalrol.com.br\/?cat=9285"},"img":{"alt_text":"Imagem criada pelo Bing","src":"https:\/\/i0.wp.com\/jornalrol.com.br\/wp-content\/uploads\/2024\/03\/55317e14-d914-4d02-a14d-3e0747a3ab97.jpeg?resize=350%2C200&ssl=1","width":350,"height":200,"srcset":"https:\/\/i0.wp.com\/jornalrol.com.br\/wp-content\/uploads\/2024\/03\/55317e14-d914-4d02-a14d-3e0747a3ab97.jpeg?resize=350%2C200&ssl=1 1x, https:\/\/i0.wp.com\/jornalrol.com.br\/wp-content\/uploads\/2024\/03\/55317e14-d914-4d02-a14d-3e0747a3ab97.jpeg?resize=525%2C300&ssl=1 1.5x, https:\/\/i0.wp.com\/jornalrol.com.br\/wp-content\/uploads\/2024\/03\/55317e14-d914-4d02-a14d-3e0747a3ab97.jpeg?resize=700%2C400&ssl=1 2x"},"classes":[]}],"_links":{"self":[{"href":"https:\/\/jornalrol.com.br\/index.php?rest_route=\/wp\/v2\/posts\/80491","targetHints":{"allow":["GET"]}}],"collection":[{"href":"https:\/\/jornalrol.com.br\/index.php?rest_route=\/wp\/v2\/posts"}],"about":[{"href":"https:\/\/jornalrol.com.br\/index.php?rest_route=\/wp\/v2\/types\/post"}],"author":[{"embeddable":true,"href":"https:\/\/jornalrol.com.br\/index.php?rest_route=\/wp\/v2\/users\/90"}],"replies":[{"embeddable":true,"href":"https:\/\/jornalrol.com.br\/index.php?rest_route=%2Fwp%2Fv2%2Fcomments&post=80491"}],"version-history":[{"count":1,"href":"https:\/\/jornalrol.com.br\/index.php?rest_route=\/wp\/v2\/posts\/80491\/revisions"}],"predecessor-version":[{"id":80493,"href":"https:\/\/jornalrol.com.br\/index.php?rest_route=\/wp\/v2\/posts\/80491\/revisions\/80493"}],"wp:featuredmedia":[{"embeddable":true,"href":"https:\/\/jornalrol.com.br\/index.php?rest_route=\/wp\/v2\/media\/80492"}],"wp:attachment":[{"href":"https:\/\/jornalrol.com.br\/index.php?rest_route=%2Fwp%2Fv2%2Fmedia&parent=80491"}],"wp:term":[{"taxonomy":"category","embeddable":true,"href":"https:\/\/jornalrol.com.br\/index.php?rest_route=%2Fwp%2Fv2%2Fcategories&post=80491"},{"taxonomy":"post_tag","embeddable":true,"href":"https:\/\/jornalrol.com.br\/index.php?rest_route=%2Fwp%2Fv2%2Ftags&post=80491"}],"curies":[{"name":"wp","href":"https:\/\/api.w.org\/{rel}","templated":true}]}}