{"id":8508,"date":"2017-03-03T14:34:29","date_gmt":"2017-03-03T17:34:29","guid":{"rendered":"http:\/\/www.jornalrol.com.br\/?p=8508"},"modified":"2017-03-03T14:34:29","modified_gmt":"2017-03-03T17:34:29","slug":"reflexivo-o-diario-bipolar-merece-atencao-devido-a-sua-utilidade-publica","status":"publish","type":"post","link":"https:\/\/jornalrol.com.br\/?p=8508","title":{"rendered":"Reflexivo, &quot;O Di\u00e1rio Bipolar&quot; merece aten\u00e7\u00e3o devido a sua utilidade p\u00fablica"},"content":{"rendered":"<div class=\"pdfprnt-buttons pdfprnt-buttons-post pdfprnt-top-right\"><a href=\"https:\/\/jornalrol.com.br\/index.php?rest_route=%2Fwp%2Fv2%2Fposts%2F8508&print=pdf\" class=\"pdfprnt-button pdfprnt-button-pdf\" target=\"_blank\" ><\/a><a href=\"https:\/\/jornalrol.com.br\/index.php?rest_route=%2Fwp%2Fv2%2Fposts%2F8508&print=print\" class=\"pdfprnt-button pdfprnt-button-print\" target=\"_blank\" ><img decoding=\"async\" src=\"https:\/\/jornalrol.com.br\/wp-content\/plugins\/pdf-print\/images\/print.png\" alt=\"image_print\" title=\"Conte\u00fado de impress\u00e3o\" \/><\/a><\/div><div class=\"release-header\">\n<h2 style=\"text-align: center;\"><img decoding=\"async\" src=\"http:\/\/cloud.dino.com.br\/\/img\/122\/79b5baef-9d40-4a10-bea4-c669333b4d6f.jpg?width=300&amp;height=250&amp;quality=80&amp;mode=max&amp;\" \/><\/h2>\n<h2 style=\"text-align: center;\">MANOELA SERRA CONTA SUA HIST\u00d3RIA<br \/>\nCOM O TRANSTORNO BIPOLAR EM NOVO LIVRO<\/h2>\n<h2><\/h2>\n<div class=\"release-social\"><\/div>\n<\/div>\n<p><!--more--><\/p>\n<div class=\"release-text\">\n<div class=\"side-text\">\n<div class=\"clearfix\"><\/div>\n<div class=\"release-logo\"><\/div>\n<\/div>\n<div>As doen\u00e7as e transtornos mentais est\u00e3o se tornando cada vez mais comuns nos adolescentes e jovens hoje em dia. &#8220;O Di\u00e1rio Bipolar&#8221;, escrito pela autora Manoela Serra, conta sobre sua hist\u00f3ria, envolvendo o Transtorno Bipolar do Humor e Transtornos Afetivos, como a Depress\u00e3o, a Ansiedade e, principalmente, a S\u00edndrome do P\u00e2nico, presentes em sua vida.<\/p>\n<p>Contando momentos que viveu ligados aos transtornos e como esses a afetaram em diversas situa\u00e7\u00f5es e eventos, Manoela busca ajudar quem passa pelo mesmo que ela. A autora procurou diversas obras que pudessem auxilia-la durante sua jornada, mas nunca encontrou algo que verdadeiramente a tocasse: por isso, decidiu ela mesma produzir.<\/p>\n<p>Com hist\u00f3rias emocionantes e uma linguagem fluida, &#8220;O Di\u00e1rio Bipolar&#8221; pode ser apreciado por diversos p\u00fablicos, n\u00e3o s\u00f3 por quem passa pelos transtornos mentais, apesar de serem o foco da obra. Envolve qualquer tipo de leitor e o leva para tudo que Manoela sempre sentiu durante sua vida. Reflexivo, o livro merece aten\u00e7\u00e3o devido a sua utilidade p\u00fablica a tantos que precisam.<\/p>\n<p>Sobre o autor:<br \/>\nManoela Serra nasceu em 16 de julho de 1984 na cidade do Rio de Janeiro. Mudou-se para Bras\u00edlia em meados de 1988 quando seu pai, na \u00e9poca militar da aeron\u00e1utica, foi transferido. Desde pequena teve problemas afetivos, mas foi, somente em 2009, diagnosticada com o Transtorno Bipolar do Humor com S\u00edndrome do P\u00e2nico. Ap\u00f3s, come\u00e7ou seu tratamento, com \u00eaxito, tomando estabilizadores de humor com outros complementares, com psicoterapia e exercitando seu lado espiritual, conseguindo uma melhor qualidade de vida depois de anos de sofrimento, comum a v\u00e1rios bipolares.<\/p><\/div>\n<\/div>\n","protected":false},"excerpt":{"rendered":"<p>MANOELA SERRA CONTA SUA HIST\u00d3RIA COM O TRANSTORNO BIPOLAR EM NOVO LIVRO<\/p>\n","protected":false},"author":3,"featured_media":0,"comment_status":"closed","ping_status":"closed","sticky":false,"template":"","format":"standard","meta":{"_jetpack_newsletter_access":"","_jetpack_dont_email_post_to_subs":false,"_jetpack_newsletter_tier_id":0,"_jetpack_memberships_contains_paywalled_content":false,"_jetpack_memberships_contains_paid_content":false,"footnotes":""},"categories":[7],"tags":[1405,5164,5322],"class_list":["post-8508","post","type-post","status-publish","format-standard","hentry","category-comunicacao","tag-bipolar","tag-livros","tag-manoela-serra"],"aioseo_notices":[],"views":0,"jetpack_featured_media_url":"","jetpack_sharing_enabled":true,"jetpack_likes_enabled":true,"jetpack-related-posts":[{"id":62447,"url":"https:\/\/jornalrol.com.br\/?p=62447","url_meta":{"origin":8508,"position":0},"title":"LUDOPATIA","author":"Sergio Diniz da Costa","date":"23 de outubro de 2023","format":false,"excerpt":"Os novos v\u00edcios, ou v\u00edcios sem subst\u00e2ncia, referem-se a uma ampla gama de comportamentos: entre estes encontramos o jogo patol\u00f3gico, as compras compulsivas...","rel":"","context":"Em &quot;Literatura&quot;","block_context":{"text":"Literatura","link":"https:\/\/jornalrol.com.br\/?cat=9285"},"img":{"alt_text":"Ludopatia","src":"https:\/\/i0.wp.com\/jornalrol.com.br\/wp-content\/uploads\/2023\/10\/OIG-2-2.jpg?resize=350%2C200&ssl=1","width":350,"height":200},"classes":[]},{"id":76214,"url":"https:\/\/jornalrol.com.br\/?p=76214","url_meta":{"origin":8508,"position":1},"title":"Vulc\u00e3o das emo\u00e7\u00f5es","author":"Marilza Alvarenga Teixeira Santos","date":"16 de outubro de 2025","format":false,"excerpt":"Corpo, alma, espirito, mente, cora\u00e7\u00e3o. Placas tect\u00f4nicas, vulc\u00e3o das emo\u00e7\u00f5es, iminente erup\u00e7\u00e3o. Traumas, rupturas mentais, pancadas, feridas, fendas na alma...","rel":"","context":"Em &quot;Literatura&quot;","block_context":{"text":"Literatura","link":"https:\/\/jornalrol.com.br\/?cat=9285"},"img":{"alt_text":"Imagem criada por IA da Meta","src":"https:\/\/i0.wp.com\/jornalrol.com.br\/wp-content\/uploads\/2025\/10\/e6f5dd3d-bebc-4e0b-8944-d614bc083adf.png?resize=350%2C200&ssl=1","width":350,"height":200,"srcset":"https:\/\/i0.wp.com\/jornalrol.com.br\/wp-content\/uploads\/2025\/10\/e6f5dd3d-bebc-4e0b-8944-d614bc083adf.png?resize=350%2C200&ssl=1 1x, https:\/\/i0.wp.com\/jornalrol.com.br\/wp-content\/uploads\/2025\/10\/e6f5dd3d-bebc-4e0b-8944-d614bc083adf.png?resize=525%2C300&ssl=1 1.5x, https:\/\/i0.wp.com\/jornalrol.com.br\/wp-content\/uploads\/2025\/10\/e6f5dd3d-bebc-4e0b-8944-d614bc083adf.png?resize=700%2C400&ssl=1 2x"},"classes":[]},{"id":39721,"url":"https:\/\/jornalrol.com.br\/?p=39721","url_meta":{"origin":8508,"position":2},"title":"Livro ensina a lidar com os obst\u00e1culos do Transtorno do D\u00e9ficit de Aten\u00e7\u00e3o","author":"Sergio Diniz da Costa","date":"16 de abril de 2021","format":false,"excerpt":"O livro 'Desatando os N\u00f3s do Transtorno do D\u00e9ficit de Aten\u00e7\u00e3o - TDA', de Margarete A. Chinaglia, mostra como driblar os obst\u00e1culos sem se deixar dominar Por meio de uma linguagem simples, o livro \u201cDesatando os N\u00f3s do Transtorno do D\u00e9ficit de Aten\u00e7\u00e3o - TDA\u201d, de Margarete Chinaglia, fala sobre\u2026","rel":"","context":"Em &quot;Comunica\u00e7\u00e3o&quot;","block_context":{"text":"Comunica\u00e7\u00e3o","link":"https:\/\/jornalrol.com.br\/?cat=7"},"img":{"alt_text":"","src":"https:\/\/i0.wp.com\/www.jornalrol.com.br\/wp-content\/uploads\/2021\/04\/Desatando-os-n%C3%B3s-TDA-Margarete-Chinaglia-capa-198x300.jpg?resize=350%2C200","width":350,"height":200},"classes":[]},{"id":49127,"url":"https:\/\/jornalrol.com.br\/?p=49127","url_meta":{"origin":8508,"position":3},"title":"E-book gratuito mostra como transformar o TDAH em aliado","author":"Veronica Moreira","date":"15 de mar\u00e7o de 2022","format":false,"excerpt":"Pesquisadora compartilha aprendizados e experi\u00eancias com dicas sobre como lidar com o transtorno TDAH Margarete Chinaglia \u00e9 pesquisadora sobre o Transtorno do D\u00e9ficit de Aten\u00e7\u00e3o com Hiperatividade (TDAH) e pode falar sobre o tema com propriedade, pois conviveu com ele em casa. M\u00e3e de uma jovem com o transtorno, ela\u2026","rel":"","context":"Em &quot;Comunica\u00e7\u00e3o&quot;","block_context":{"text":"Comunica\u00e7\u00e3o","link":"https:\/\/jornalrol.com.br\/?cat=7"},"img":{"alt_text":"","src":"https:\/\/i0.wp.com\/www.jornalrol.com.br\/wp-content\/uploads\/2022\/03\/TRANSFORME-O-TDAH-EM-SEU-ALIADO-Margarete-Chinaglia-1.jpg?resize=350%2C200","width":350,"height":200},"classes":[]},{"id":2225,"url":"https:\/\/jornalrol.com.br\/?p=2225","url_meta":{"origin":8508,"position":4},"title":"As apar\u00eancias enganam; seu filho\/a pode estar com s\u00e9rios problemas e voc\u00ea n\u00e3o ter percebido.","author":"Helio Rubens","date":"8 de junho de 2015","format":false,"excerpt":"Mat\u00e9ria de autoria da rep\u00f3rter Daniela Jacinto publicada no jornal Cruzeiro do Sul \u00e9 esclarecedora e muito util. Vale a pena acessar! Por tr\u00e1s do sil\u00eancio, um grito de dor Adolescentes se cortam para aliviar a alma. Eles n\u00e3o fazem para chamar a aten\u00e7\u00e3o, pelo contr\u00e1rio, escondem. H\u00e1 pais que\u2026","rel":"","context":"Em &quot;Comunica\u00e7\u00e3o&quot;","block_context":{"text":"Comunica\u00e7\u00e3o","link":"https:\/\/jornalrol.com.br\/?cat=7"},"img":{"alt_text":"","src":"","width":0,"height":0},"classes":[]},{"id":46134,"url":"https:\/\/jornalrol.com.br\/?p=46134","url_meta":{"origin":8508,"position":5},"title":"M\u00e9dico lan\u00e7a livro para desmistificar o TDAH","author":"Veronica Moreira","date":"1 de novembro de 2021","format":false,"excerpt":"Apesar do Transtorno de D\u00e9ficit de Aten\u00e7\u00e3o e Hiperatividade (TDAH) atingir entre 5% e 6% da popula\u00e7\u00e3o mundial infantil e entre 2% e 3% da adulta, no Brasil, o tema \u00e9 pouco esclarecido e ainda gera muitos mitos Apesar do Transtorno de D\u00e9ficit de Aten\u00e7\u00e3o e Hiperatividade (TDAH) atingir entre\u2026","rel":"","context":"Em &quot;Comunica\u00e7\u00e3o&quot;","block_context":{"text":"Comunica\u00e7\u00e3o","link":"https:\/\/jornalrol.com.br\/?cat=7"},"img":{"alt_text":"","src":"https:\/\/i0.wp.com\/www.jornalrol.com.br\/wp-content\/uploads\/2021\/11\/Capa-Como-Lidar-Com-Mentes-a-Mil-Por-Hora-205x300.jpg?resize=350%2C200","width":350,"height":200},"classes":[]}],"_links":{"self":[{"href":"https:\/\/jornalrol.com.br\/index.php?rest_route=\/wp\/v2\/posts\/8508","targetHints":{"allow":["GET"]}}],"collection":[{"href":"https:\/\/jornalrol.com.br\/index.php?rest_route=\/wp\/v2\/posts"}],"about":[{"href":"https:\/\/jornalrol.com.br\/index.php?rest_route=\/wp\/v2\/types\/post"}],"author":[{"embeddable":true,"href":"https:\/\/jornalrol.com.br\/index.php?rest_route=\/wp\/v2\/users\/3"}],"replies":[{"embeddable":true,"href":"https:\/\/jornalrol.com.br\/index.php?rest_route=%2Fwp%2Fv2%2Fcomments&post=8508"}],"version-history":[{"count":0,"href":"https:\/\/jornalrol.com.br\/index.php?rest_route=\/wp\/v2\/posts\/8508\/revisions"}],"wp:attachment":[{"href":"https:\/\/jornalrol.com.br\/index.php?rest_route=%2Fwp%2Fv2%2Fmedia&parent=8508"}],"wp:term":[{"taxonomy":"category","embeddable":true,"href":"https:\/\/jornalrol.com.br\/index.php?rest_route=%2Fwp%2Fv2%2Fcategories&post=8508"},{"taxonomy":"post_tag","embeddable":true,"href":"https:\/\/jornalrol.com.br\/index.php?rest_route=%2Fwp%2Fv2%2Ftags&post=8508"}],"curies":[{"name":"wp","href":"https:\/\/api.w.org\/{rel}","templated":true}]}}