{"id":8682,"date":"2017-03-13T13:18:54","date_gmt":"2017-03-13T16:18:54","guid":{"rendered":"http:\/\/www.jornalrol.com.br\/?p=8682"},"modified":"2017-03-13T13:18:54","modified_gmt":"2017-03-13T16:18:54","slug":"sonyah-moreira-santo-graal","status":"publish","type":"post","link":"https:\/\/jornalrol.com.br\/?p=8682","title":{"rendered":"Sonyah Moreira: &#039;Santo Graal&#039;"},"content":{"rendered":"<div class=\"pdfprnt-buttons pdfprnt-buttons-post pdfprnt-top-right\"><a href=\"https:\/\/jornalrol.com.br\/index.php?rest_route=%2Fwp%2Fv2%2Fposts%2F8682&print=pdf\" class=\"pdfprnt-button pdfprnt-button-pdf\" target=\"_blank\" ><\/a><a href=\"https:\/\/jornalrol.com.br\/index.php?rest_route=%2Fwp%2Fv2%2Fposts%2F8682&print=print\" class=\"pdfprnt-button pdfprnt-button-print\" target=\"_blank\" ><img decoding=\"async\" src=\"https:\/\/jornalrol.com.br\/wp-content\/plugins\/pdf-print\/images\/print.png\" alt=\"image_print\" title=\"Conte\u00fado de impress\u00e3o\" \/><\/a><\/div><h2 style=\"text-align: center;\"><a href=\"http:\/\/www.jornalrol.com.br\/sonyah-moreira-enquanto-todos-dormem\/sontah-moreira\/\" rel=\"attachment wp-att-7738\"><img loading=\"lazy\" decoding=\"async\" class=\"aligncenter size-full wp-image-7738\" src=\"http:\/\/www.jornalrol.com.br\/wp-content\/uploads\/2017\/01\/sontah-moreira.jpg\" alt=\"\" width=\"150\" height=\"200\" \/><\/a><\/h2>\n<h2 style=\"text-align: center;\"><strong>S\u00f4nyah Moreira &#8211; SANTO GRAAL<\/strong><\/h2>\n<p><!--more--><\/p>\n<p><strong>\u00a0<\/strong><\/p>\n<p>Podemos dizer, categoricamente, aonde chegaremos como seres humanos? \u00a0Ao olhar atrav\u00e9s do espelho que reflete nossa imagem, vemos um mundo assolado por trag\u00e9dias e destrui\u00e7\u00e3o. As doen\u00e7as consideradas extintas e as epidemias controladas est\u00e3o voltando, e com for\u00e7a inimagin\u00e1vel, tamanha \u00e9 a nossa incapacidade diante de tais fatos. E, neste caminhar incerto, pensamos que em voltar, como civiliza\u00e7\u00e3o, \u00e0 Idade da Pedra.<\/p>\n<p>Os cientistas firmam ser imposs\u00edvel determinar at\u00e9 quando existiremos este espa\u00e7o, esta \u2018casa\u2019 no universo, da qual, diga-se de passagem, somos p\u00e9ssimos inquilinos, pois destru\u00edmos tudo \u00e0 nossa volta, emporcalhamos ruas, extinguimos floresta se dizimamos esp\u00e9cimes muito mais antigas do que n\u00f3s. E promovemos esta desconstru\u00e7\u00e3o sem o menor pudor, o que nos leva atualmente ao limiar da escurid\u00e3o profunda. O fim est\u00e1 pr\u00f3ximo! Realmente! Algu\u00e9m bate \u00e0 porta, na \u00e2nsia de ser atendido e adentrar em nossos cora\u00e7\u00f5es, negros pela gan\u00e2ncia e amor ao poder e ao dinheiro. Ele, por\u00e9m, tenta, de alguma forma, nos chamar \u00e0 raz\u00e3o!<\/p>\n<p>Qual \u00e9 a origem desta loucura que toma conta de seres t\u00e3o divinamente esculpidos, dotados de intelig\u00eancia \u00edmpar?<\/p>\n<p>Talvez, a loucura de pensar que somos melhores do que nosso Criador, que possu\u00edmos um poder ilimitado? Buscamos f\u00f3rmulas para nos mantermos vivos o maior tempo poss\u00edvel. Para tanto, criamos t\u00e9cnicas ultrassofisticadas como a de anima\u00e7\u00e3o suspensa, visando a volta \u00e0 vida futuramente, relembrando, de certa forma, o desastroso experimento do Dr. Victor Frankenstein.<\/p>\n<p>Com estas considera\u00e7\u00f5es, n\u00e3o temos a menor inten\u00e7\u00e3o de confrontar os credos religiosos. O objetivo \u00e9 t\u00e3o somente o de questionar os atos humanos, trazendo-os \u00e0 luz da raz\u00e3o, uma vez que, sem esta, a grande coletividade humana continuar\u00e1 no hist\u00f3rico torpor, sujeita, portanto, \u00e0s for\u00e7as pertencentes exclusivamente ao mundo material.<\/p>\n<p>Imperioso se faz, contudo, o regresso \u00e0 Casa da Raz\u00e3o, regresso este que pode ser longo e doloroso, por\u00e9m, imprescind\u00edvel para a humanidade que, nesse \u00e1rduo processo, deve recome\u00e7ar pelos primeiros, mas cont\u00ednuos passos.<\/p>\n<p>Semelhante ao in\u00edcio da jornada pelo deserto escaldante, as prova\u00e7\u00f5es e tenta\u00e7\u00f5es ser\u00e3o muitas, por\u00e9m, mister se faz manter o \u00e2nimo. \u00c9 um caminho repleto de dores e quedas. Todavia, tamb\u00e9m semelhante ao caminho do G\u00f3lgota, onde as dores humanas estoicamente suportadas abrir\u00e3o o Portal Divino.<\/p>\n<p>E nesse mundo dos sonhos humanos, da plena alegria e paz; nesse Shangri-la e iremos beber no C\u00e1lice Sagrado o Elixir da Vida Eterna, pois teremos encontrado, finalmente, o SANTO GRAAL!<\/p>\n<p>&nbsp;<\/p>\n<p>S\u00f4nyah Moreira \u2013 sonyah.moreira@gmail.com<\/p>\n","protected":false},"excerpt":{"rendered":"<p>S\u00f4nyah Moreira &#8211; SANTO GRAAL<\/p>\n","protected":false},"author":3,"featured_media":0,"comment_status":"closed","ping_status":"closed","sticky":false,"template":"","format":"standard","meta":{"_jetpack_newsletter_access":"","_jetpack_dont_email_post_to_subs":false,"_jetpack_newsletter_tier_id":0,"_jetpack_memberships_contains_paywalled_content":false,"_jetpack_memberships_contains_paid_content":false,"footnotes":""},"categories":[7],"tags":[8101],"class_list":["post-8682","post","type-post","status-publish","format-standard","hentry","category-comunicacao","tag-sonyah-moreira"],"aioseo_notices":[],"views":0,"jetpack_featured_media_url":"","jetpack_sharing_enabled":true,"jetpack_likes_enabled":true,"jetpack-related-posts":[{"id":5859,"url":"https:\/\/jornalrol.com.br\/?p=5859","url_meta":{"origin":8682,"position":0},"title":"A leitora Sonia Moreira escreve: &#039;A quarta dimens\u00e3o&#039;","author":"Helio Rubens","date":"11 de agosto de 2016","format":false,"excerpt":"S\u00f4nyah Moreira \u00a0\u00a0- \u00a0sonyah.moreira@gmail.com -\u00a0A quarta dimens\u00e3o \u00a0 Novamente pe\u00e7o que separem minhas palavras de qualquer denomina\u00e7\u00e3o religiosa, considerem apenas como id\u00e9ias filos\u00f3ficas, assim sendo, como moradores de um planeta em evolu\u00e7\u00e3o, criaturas em busca de seu criador, que est\u00e3o aqui nessa dimens\u00e3o espessa, onde o campo magn\u00e9tico da terra\u2026","rel":"","context":"Em &quot;Comunica\u00e7\u00e3o&quot;","block_context":{"text":"Comunica\u00e7\u00e3o","link":"https:\/\/jornalrol.com.br\/?cat=7"},"img":{"alt_text":"quara (Copy)","src":"https:\/\/i0.wp.com\/www.jornalrol.com.br\/wp-content\/uploads\/2016\/08\/quara-Copy.png?resize=350%2C200","width":350,"height":200},"classes":[]},{"id":6343,"url":"https:\/\/jornalrol.com.br\/?p=6343","url_meta":{"origin":8682,"position":1},"title":"A leitora virou colunista do ROL!","author":"Helio Rubens","date":"23 de setembro de 2016","format":false,"excerpt":"S\u00f4nyah Moreira escreve para o ROL j\u00e1 ha um bom tempo Apesar de n\u00e3o ser colunista do nosso jornal, a leitora\u00a0S\u00f4nyah Moreira costumeiramente enviaou \u00a0textos de sua autoria para\u00a0publica\u00e7\u00e3o e a Editoria atendeu, por achar que eles tinham condi\u00e7\u00f5es para serem aceitos pelos leitores. Assim, mesmo diante do\u00a0rigor intelectual que\u2026","rel":"","context":"Em &quot;Comunica\u00e7\u00e3o&quot;","block_context":{"text":"Comunica\u00e7\u00e3o","link":"https:\/\/jornalrol.com.br\/?cat=7"},"img":{"alt_text":"Sonia Moreira","src":"https:\/\/i0.wp.com\/www.jornalrol.com.br\/wp-content\/uploads\/2016\/09\/IMG-20160918-WA0001-1-Copy-226x300.jpg?resize=350%2C200","width":350,"height":200},"classes":[]},{"id":16060,"url":"https:\/\/jornalrol.com.br\/?p=16060","url_meta":{"origin":8682,"position":2},"title":"S\u00f4nyah Moreira: &#039;Pedra e telhado: uma inspira\u00e7\u00e3o!&#039;","author":"Sergio Diniz da Costa","date":"22 de janeiro de 2018","format":false,"excerpt":"'Ser pedra \u00e9 op\u00e7\u00e3o, ser telhado... Realiza\u00e7\u00e3o!\u00a0A pedra pode ser agressiva... Telhado resigna\u00e7\u00e3o!' \u00a0 Ser pedra \u00e9 op\u00e7\u00e3o, ser telhado... Realiza\u00e7\u00e3o! A pedra pode ser agressiva... Telhado resigna\u00e7\u00e3o! Ao atirar a pedra sempre haver\u00e1 contesta\u00e7\u00e3o; telhado argumenta\u00e7\u00e3o! O que fazemos ao ser pedra ou telhado? Nada! Apenas contempla\u00e7\u00e3o! A pedra\u2026","rel":"","context":"Em &quot;Comunica\u00e7\u00e3o&quot;","block_context":{"text":"Comunica\u00e7\u00e3o","link":"https:\/\/jornalrol.com.br\/?cat=7"},"img":{"alt_text":"","src":"https:\/\/i0.wp.com\/www.jornalrol.com.br\/wp-content\/uploads\/2018\/01\/20171005_144421-300x225-1-1-300x225.jpg?resize=350%2C200","width":350,"height":200},"classes":[]},{"id":7855,"url":"https:\/\/jornalrol.com.br\/?p=7855","url_meta":{"origin":8682,"position":3},"title":"S\u00f4nyah Moreira: vamos apoiar o mo\u00e7o!","author":"Helio Rubens","date":"27 de janeiro de 2017","format":false,"excerpt":"O nome do cantor que mora em Sorocaba \u00e9 Octaviano Mota Se poss\u00edvel publicar a publicidade desse mo\u00e7o, ele pega os malotes aqui na empresa e nos finais de semana faz show cantando, \u00e9 um lutador, ele \u00e9 dai de Itapetininga e trabalha nos correios aqui em Sorocaba. Muito obrigada\u2026","rel":"","context":"Em &quot;Comunica\u00e7\u00e3o&quot;","block_context":{"text":"Comunica\u00e7\u00e3o","link":"https:\/\/jornalrol.com.br\/?cat=7"},"img":{"alt_text":"","src":"https:\/\/i0.wp.com\/www.jornalrol.com.br\/wp-content\/uploads\/2017\/01\/FB_IMG_1481033577194-300x111.jpg?resize=350%2C200","width":350,"height":200},"classes":[]},{"id":11673,"url":"https:\/\/jornalrol.com.br\/?p=11673","url_meta":{"origin":8682,"position":4},"title":"S\u00f4nyah Moreira: &#039;O que fazemos na vida ecoa na eternidade&#039;!","author":"Sergio Diniz da Costa","date":"15 de julho de 2017","format":false,"excerpt":"S\u00f4nyah Moreira: 'O QUE FAZEMOS NA VIDA ECOA NA ETERNIDADE!' \u00a0 \u201cO que fazemos na vida ecoa na eternidade\u201d! (General. Maximus -\u00a0 Gladiador) \u00a0 Caro leitor, o que pensar de um\u00a0 complexo da engenharia anat\u00f4mica\u00a0 como o ser humano? Ser\u00e1 que fomos criados apenas mat\u00e9ria? Que ao desligar o motor\u2026","rel":"","context":"Em &quot;Comunica\u00e7\u00e3o&quot;","block_context":{"text":"Comunica\u00e7\u00e3o","link":"https:\/\/jornalrol.com.br\/?cat=7"},"img":{"alt_text":"","src":"https:\/\/i0.wp.com\/www.jornalrol.com.br\/wp-content\/uploads\/2017\/01\/foto-1001-001.jpg?resize=350%2C200","width":350,"height":200},"classes":[]},{"id":13667,"url":"https:\/\/jornalrol.com.br\/?p=13667","url_meta":{"origin":8682,"position":5},"title":"S\u00f4nyah Moreira: &#039;Sou caipira Pirapora&#039;","author":"Sergio Diniz da Costa","date":"10 de outubro de 2017","format":false,"excerpt":"\u00a0S\u00f4nyah Moreira: 'SOU CAIPIRA PIRAPORA' \u00a0 Podemos viajar o mundo, todavia, jamais deixaremos de ser caipira Pirapora, como disse Renato Teixeira, na m\u00fasica Romaria. O mundo tem coisas maravilhosas. E conhecer novas culturas, novas cidades, gente e costumes diferentes do nosso, \u00e9 realmente um privilegio para poucos. Nosso pa\u00eds \u00e9\u2026","rel":"","context":"Em &quot;Comunica\u00e7\u00e3o&quot;","block_context":{"text":"Comunica\u00e7\u00e3o","link":"https:\/\/jornalrol.com.br\/?cat=7"},"img":{"alt_text":"","src":"https:\/\/i0.wp.com\/www.jornalrol.com.br\/wp-content\/uploads\/2017\/10\/20171005_144421-300x225.jpg?resize=350%2C200","width":350,"height":200},"classes":[]}],"_links":{"self":[{"href":"https:\/\/jornalrol.com.br\/index.php?rest_route=\/wp\/v2\/posts\/8682","targetHints":{"allow":["GET"]}}],"collection":[{"href":"https:\/\/jornalrol.com.br\/index.php?rest_route=\/wp\/v2\/posts"}],"about":[{"href":"https:\/\/jornalrol.com.br\/index.php?rest_route=\/wp\/v2\/types\/post"}],"author":[{"embeddable":true,"href":"https:\/\/jornalrol.com.br\/index.php?rest_route=\/wp\/v2\/users\/3"}],"replies":[{"embeddable":true,"href":"https:\/\/jornalrol.com.br\/index.php?rest_route=%2Fwp%2Fv2%2Fcomments&post=8682"}],"version-history":[{"count":0,"href":"https:\/\/jornalrol.com.br\/index.php?rest_route=\/wp\/v2\/posts\/8682\/revisions"}],"wp:attachment":[{"href":"https:\/\/jornalrol.com.br\/index.php?rest_route=%2Fwp%2Fv2%2Fmedia&parent=8682"}],"wp:term":[{"taxonomy":"category","embeddable":true,"href":"https:\/\/jornalrol.com.br\/index.php?rest_route=%2Fwp%2Fv2%2Fcategories&post=8682"},{"taxonomy":"post_tag","embeddable":true,"href":"https:\/\/jornalrol.com.br\/index.php?rest_route=%2Fwp%2Fv2%2Ftags&post=8682"}],"curies":[{"name":"wp","href":"https:\/\/api.w.org\/{rel}","templated":true}]}}