{"id":8693,"date":"2017-03-14T20:01:27","date_gmt":"2017-03-14T23:01:27","guid":{"rendered":"http:\/\/www.jornalrol.com.br\/?p=8693"},"modified":"2017-03-14T20:01:27","modified_gmt":"2017-03-14T23:01:27","slug":"saiu-na-tv-tem-exposicao-ficara-no-sesi-ate-o-dia-25-de-marco-entrada-e-gratuita","status":"publish","type":"post","link":"https:\/\/jornalrol.com.br\/?p=8693","title":{"rendered":"Saiu na TV TEM: &#039;Exposi\u00e7\u00e3o ficar\u00e1 no Sesi at\u00e9 o dia 25 de mar\u00e7o; entrada \u00e9 gratuita&#039;"},"content":{"rendered":"<div class=\"pdfprnt-buttons pdfprnt-buttons-post pdfprnt-top-right\"><a href=\"https:\/\/jornalrol.com.br\/index.php?rest_route=%2Fwp%2Fv2%2Fposts%2F8693&print=pdf\" class=\"pdfprnt-button pdfprnt-button-pdf\" target=\"_blank\" ><\/a><a href=\"https:\/\/jornalrol.com.br\/index.php?rest_route=%2Fwp%2Fv2%2Fposts%2F8693&print=print\" class=\"pdfprnt-button pdfprnt-button-print\" target=\"_blank\" ><img decoding=\"async\" src=\"https:\/\/jornalrol.com.br\/wp-content\/plugins\/pdf-print\/images\/print.png\" alt=\"image_print\" title=\"Conte\u00fado de impress\u00e3o\" \/><\/a><\/div><div class=\"materia-titulo\">\n<h2 class=\"entry-title\" style=\"text-align: center;\">Sesi de Itapetininga recebe exposi\u00e7\u00e3o &#8216;Entreato&#8217; durante o m\u00eas de mar\u00e7o<\/h2>\n<\/div>\n<p><!--more--><\/p>\n<h2 class=\"materia-assinatura-linha\" style=\"text-align: center;\"><strong>\u00a0Obras do artista Paulo Bordhin transforma fios de alum\u00ednio em personagens.<\/strong><\/h2>\n<div class=\"compartilhamento-materia\">\n<div class=\"share-bar share-bar-container share-theme-natural\" data-title=\"Sesi de Itapetininga recebe exposi\u00e7\u00e3o 'Entreato' durante o m\u00eas de mar\u00e7o\" data-url=\"https:\/\/glo.bo\/2n0kFre\" data-image-url=\"http:\/\/s2.glbimg.com\/Ob9BKrsSXOE_IANCFzhM8V8_YY4=\/1200x630\/s.glbimg.com\/jo\/g1\/f\/original\/2017\/03\/08\/exposicao_sesi.png\" data-hashtags=\"#G1\">\n<div class=\"share-button share-pinterest share-small\"><\/div>\n<\/div>\n<\/div>\n<div id=\"materia-letra\" class=\"materia-conteudo entry-content clearfix\">\n<div>\n<div class=\"foto componente_materia midia-largura-620\" style=\"text-align: center;\"><img loading=\"lazy\" decoding=\"async\" class=\"aligncenter\" title=\"Exposi\u00e7\u00e3o &amp;#39;Entreato&amp;#39; ficar\u00e1 at\u00e9 25 de mar\u00e7o no Sesi de Itapetininga (Foto: Divulga\u00e7\u00e3o\/Sesi)\" src=\"http:\/\/s2.glbimg.com\/DIUVsQyaQmqyGx-fjOXCGBgT_g0=\/620x465\/s.glbimg.com\/jo\/g1\/f\/original\/2017\/03\/08\/exposicao_sesi.png\" alt=\"Exposi\u00e7\u00e3o &amp;#39;Entreato&amp;#39; ficar\u00e1 at\u00e9 25 de mar\u00e7o no Sesi de Itapetininga (Foto: Divulga\u00e7\u00e3o\/Sesi)\" width=\"620\" height=\"465\" \/><strong>Exposi\u00e7\u00e3o &#8216;Entreato&#8217; ficar\u00e1 at\u00e9 25 de mar\u00e7o no Sesi de Itapetininga (Foto: Divulga\u00e7\u00e3o\/Sesi)<\/strong><\/div>\n<p>O Sesi de Itapetininga (SP) estar\u00e1 at\u00e9 o dia 25 de mar\u00e7o com\u00a0 exposi\u00e7\u00e3o &#8220;Entreato&#8221;, do artista Paulo Bordhin. A exposi\u00e7\u00e3o trata-se de fios de alum\u00ednio que d\u00e3o vida \u00e0 figuras do universo m\u00edtico. Ele transp\u00f5e para o arame toda tens\u00e3o, alegria, expectativa e vibra\u00e7\u00e3o que capta nos camarins, coxias de ensaios e espet\u00e1culos.<\/p>\n<p>Paulo tem mais de 20 anos de carreira art\u00edstica e atuou em 21 montagens de teatro, al\u00e9m de ter participado de tr\u00eas longas-metragens, quatro novelas e 150 filmes publicit\u00e1rios. Nas artes pl\u00e1sticas esteve em nove exposi\u00e7\u00f5es no Brasil e no exterior. \u00c9 um dos criadores da escultura Paineira com cinco metros de altura para o Pr\u00eamio Trip Transformadores.<\/p>\n<p><strong>Servi\u00e7o<\/strong><br \/>\nExposi\u00e7\u00e3o pode ser vista de ter\u00e7a a sexta, das 15h \u00e0s 18h. Entrada \u00e9 de gra\u00e7a.<\/p>\n<\/div>\n<\/div>\n","protected":false},"excerpt":{"rendered":"<p>Sesi de Itapetininga recebe exposi\u00e7\u00e3o &#8216;Entreato&#8217; durante o m\u00eas de mar\u00e7o<\/p>\n","protected":false},"author":3,"featured_media":0,"comment_status":"closed","ping_status":"closed","sticky":false,"template":"","format":"standard","meta":{"_jetpack_newsletter_access":"","_jetpack_dont_email_post_to_subs":false,"_jetpack_newsletter_tier_id":0,"_jetpack_memberships_contains_paywalled_content":false,"_jetpack_memberships_contains_paid_content":false,"footnotes":""},"categories":[7],"tags":[3608,7928],"class_list":["post-8693","post","type-post","status-publish","format-standard","hentry","category-comunicacao","tag-exposicao-entreato","tag-sesi-de-itapetininga"],"aioseo_notices":[],"views":0,"jetpack_featured_media_url":"","jetpack_sharing_enabled":true,"jetpack_likes_enabled":true,"jetpack-related-posts":[{"id":6728,"url":"https:\/\/jornalrol.com.br\/?p=6728","url_meta":{"origin":8693,"position":0},"title":"Saiu na TV Tem: Sesi de Itapetininga recebe a exposi\u00e7\u00e3o &#039;Cor da base&#039;","author":"Helio Rubens","date":"4 de novembro de 2016","format":false,"excerpt":"Obras de arte estar\u00e3o no Sesi at\u00e9 o dia 4 de dezembro. Entrada \u00e9 gratuita. Exposi\u00e7\u00e3o faz parte do projeto Espa\u00e7o Galeria SESI-SP Exposi\u00e7\u00e3o ficar\u00e1 no Sesi de Itapetininga at\u00e9 o dia 4 de dezembro (Foto: Divulga\u00e7\u00e3o\/Sesi) O Sesi de Itapetininga (SP) recebe at\u00e9 o dia 4 de dezembro a\u2026","rel":"","context":"Em &quot;Comunica\u00e7\u00e3o&quot;","block_context":{"text":"Comunica\u00e7\u00e3o","link":"https:\/\/jornalrol.com.br\/?cat=7"},"img":{"alt_text":"Exposi\u00e7\u00e3o ficar\u00e1 no Sesi de Itapetininga at\u00e9 o dia 4 de dezembro (Foto: Divulga\u00e7\u00e3o\/Sesi)","src":"https:\/\/i0.wp.com\/s2.glbimg.com\/MIjRbGdDqiu2JJTvQihCKq-Fscs%3D\/620x465\/s.glbimg.com\/jo\/g1\/f\/original\/2016\/10\/30\/cor_da_base_1.jpg?resize=350%2C200","width":350,"height":200,"srcset":"https:\/\/i0.wp.com\/s2.glbimg.com\/MIjRbGdDqiu2JJTvQihCKq-Fscs%3D\/620x465\/s.glbimg.com\/jo\/g1\/f\/original\/2016\/10\/30\/cor_da_base_1.jpg?resize=350%2C200 1x, https:\/\/i0.wp.com\/s2.glbimg.com\/MIjRbGdDqiu2JJTvQihCKq-Fscs%3D\/620x465\/s.glbimg.com\/jo\/g1\/f\/original\/2016\/10\/30\/cor_da_base_1.jpg?resize=525%2C300 1.5x"},"classes":[]},{"id":21518,"url":"https:\/\/jornalrol.com.br\/?p=21518","url_meta":{"origin":8693,"position":1},"title":"Exposi\u00e7\u00e3o &#039;Ready Made in Brasil&#039; fica no Sesi Itapetininga at\u00e9 dezembro","author":"Helio Rubens","date":"12 de outubro de 2018","format":false,"excerpt":"A exposi\u00e7\u00e3o Ready Made in Brasil celebra o centen\u00e1rio da obra Fonte, ic\u00f4nico urinol de Duchamp. Com cerca de 25 obras de artistas como Nelson Leirner, Guto Lacaz e Arnaldo Antunes, a mostra \u00e9 aberta \u00e0 visita\u00e7\u00e3o gratuita \u00a0 O SESI Itapetininga recebe Ready Made In Brasil, exposi\u00e7\u00e3o que recebeu\u2026","rel":"","context":"Em &quot;Comunica\u00e7\u00e3o&quot;","block_context":{"text":"Comunica\u00e7\u00e3o","link":"https:\/\/jornalrol.com.br\/?cat=7"},"img":{"alt_text":"","src":"https:\/\/i0.wp.com\/www.jornalrol.com.br\/wp-content\/uploads\/2018\/10\/Foto-Pachamama-Eric-Schmitt-2--300x201.jpg?resize=350%2C200","width":350,"height":200},"classes":[]},{"id":25367,"url":"https:\/\/jornalrol.com.br\/?p=25367","url_meta":{"origin":8693,"position":2},"title":"Exposi\u00e7\u00e3o no Sesi: 40 anos de revista Art\u00e9ria","author":"Helio Rubens","date":"18 de mar\u00e7o de 2019","format":false,"excerpt":"\u00a0 Importantes artistas de poesia visual que foram publicados na revista \u00a0 O SESI Itapetininga promove a exposi\u00e7\u00e3o Art\u00e9ria 40 Anos \u2013 Revista de Poesia. Sob curadoria de Omar Khouri e Paulo Miranda, a exposi\u00e7\u00e3o re\u00fane poemas que foram publicados ao longo de quatro d\u00e9cadas de exist\u00eancia da revista, em\u2026","rel":"","context":"Em &quot;Comunica\u00e7\u00e3o&quot;","block_context":{"text":"Comunica\u00e7\u00e3o","link":"https:\/\/jornalrol.com.br\/?cat=7"},"img":{"alt_text":"","src":"https:\/\/i0.wp.com\/www.jornalrol.com.br\/wp-content\/uploads\/2019\/03\/Zero-%C3%A0-Esquerda-1981-287x300.jpg?resize=350%2C200","width":350,"height":200},"classes":[]},{"id":6828,"url":"https:\/\/jornalrol.com.br\/?p=6828","url_meta":{"origin":8693,"position":3},"title":"Saiu na Tv Tem: &#039;Centro Cultural de Itapetininga recebe exposi\u00e7\u00e3o do ateli\u00ea &#039;Arte da Vida&#039;&#039;","author":"Helio Rubens","date":"13 de novembro de 2016","format":false,"excerpt":"Ser\u00e3o expostas 40 obras at\u00e9 o dia 23 de novembro. Entrada \u00e9 gratuita. Obras s\u00e3o de diversos estilos, como abstrato, grafite e acad\u00eamico. Exposi\u00e7\u00e3o ficar\u00e1 at\u00e9 dia 23 de novembro em Centro Cultural (Foto: Divulga\u00e7\u00e3o\/Prefeitura de Itapetininga) O Centro Cultural e Hist\u00f3rico \u2018Bras\u00edlio Ayres de Aguirre\u2019, em Itapetininga (SP), recebe\u2026","rel":"","context":"Em &quot;Comunica\u00e7\u00e3o&quot;","block_context":{"text":"Comunica\u00e7\u00e3o","link":"https:\/\/jornalrol.com.br\/?cat=7"},"img":{"alt_text":"Exposi\u00e7\u00e3o de obras de arte ficar\u00e1 at\u00e9 dia 23 de novembro em Centro Cultural (Foto: Divulga\u00e7\u00e3o\/Prefeitura de Itapetininga)","src":"https:\/\/i0.wp.com\/s2.glbimg.com\/Rs0sT8aq5XiVY3kBfo5umK4-XGI%3D\/620x465\/s.glbimg.com\/jo\/g1\/f\/original\/2016\/11\/08\/exposicao_itapetininga.jpg?resize=350%2C200","width":350,"height":200,"srcset":"https:\/\/i0.wp.com\/s2.glbimg.com\/Rs0sT8aq5XiVY3kBfo5umK4-XGI%3D\/620x465\/s.glbimg.com\/jo\/g1\/f\/original\/2016\/11\/08\/exposicao_itapetininga.jpg?resize=350%2C200 1x, https:\/\/i0.wp.com\/s2.glbimg.com\/Rs0sT8aq5XiVY3kBfo5umK4-XGI%3D\/620x465\/s.glbimg.com\/jo\/g1\/f\/original\/2016\/11\/08\/exposicao_itapetininga.jpg?resize=525%2C300 1.5x"},"classes":[]},{"id":20183,"url":"https:\/\/jornalrol.com.br\/?p=20183","url_meta":{"origin":8693,"position":4},"title":"Curso gratuito de teatro em Itapetininga para crian\u00e7as e jovens","author":"Helio Rubens","date":"10 de agosto de 2018","format":false,"excerpt":"SESI ITAPETININGA OFERECE CURSO GRATUITO DE TEATRO \u00a0 Com turmas para crian\u00e7as e jovens adultos, o SESI Itapetininga oferece vagas para o curso semestral voltados a alunos com idade a partir de dez anos que desejam experimentar a linguagem teatral. Este curso tem carga hor\u00e1ria de 32h, com um encontro\u2026","rel":"","context":"Em &quot;Comunica\u00e7\u00e3o&quot;","block_context":{"text":"Comunica\u00e7\u00e3o","link":"https:\/\/jornalrol.com.br\/?cat=7"},"img":{"alt_text":"Resultado de imagem para teatro","src":"https:\/\/i0.wp.com\/www.unilab.edu.br\/wp-content\/uploads\/2017\/08\/Teatro01-345x255.png?resize=350%2C200","width":350,"height":200},"classes":[]},{"id":17175,"url":"https:\/\/jornalrol.com.br\/?p=17175","url_meta":{"origin":8693,"position":5},"title":"dias 16 e 17 no SESI de Itapetininga a pe\u00e7a Peh Quo Deux, da Cia. PeQuod \u2013 Teatro de Anima\u00e7\u00e3o","author":"Helio Rubens","date":"15 de mar\u00e7o de 2018","format":false,"excerpt":"ESPET\u00c1CULO NO SESI ITAPETININGA UNE DAN\u00c7A CONTEMPOR\u00c2NEA E TEATRO DE BONECOS Com linguagem h\u00edbrida e inovadora, Peh Quo Deux re\u00fane importantes nomes da dan\u00e7a contempor\u00e2nea nacional a uma companhia que \u00e9 refer\u00eancia no teatro de anima\u00e7\u00e3o. A pe\u00e7a fica em cartaz nos dias 16 e 17 de mar\u00e7o no SESI\u2026","rel":"","context":"Em &quot;Comunica\u00e7\u00e3o&quot;","block_context":{"text":"Comunica\u00e7\u00e3o","link":"https:\/\/jornalrol.com.br\/?cat=7"},"img":{"alt_text":"","src":"https:\/\/i0.wp.com\/www.jornalrol.com.br\/wp-content\/uploads\/2018\/03\/C%C3%B3pia-de-Peh-Quo-Deux_Jos-Roberto-Crivano-2--225x300.jpg?resize=350%2C200","width":350,"height":200},"classes":[]}],"_links":{"self":[{"href":"https:\/\/jornalrol.com.br\/index.php?rest_route=\/wp\/v2\/posts\/8693","targetHints":{"allow":["GET"]}}],"collection":[{"href":"https:\/\/jornalrol.com.br\/index.php?rest_route=\/wp\/v2\/posts"}],"about":[{"href":"https:\/\/jornalrol.com.br\/index.php?rest_route=\/wp\/v2\/types\/post"}],"author":[{"embeddable":true,"href":"https:\/\/jornalrol.com.br\/index.php?rest_route=\/wp\/v2\/users\/3"}],"replies":[{"embeddable":true,"href":"https:\/\/jornalrol.com.br\/index.php?rest_route=%2Fwp%2Fv2%2Fcomments&post=8693"}],"version-history":[{"count":0,"href":"https:\/\/jornalrol.com.br\/index.php?rest_route=\/wp\/v2\/posts\/8693\/revisions"}],"wp:attachment":[{"href":"https:\/\/jornalrol.com.br\/index.php?rest_route=%2Fwp%2Fv2%2Fmedia&parent=8693"}],"wp:term":[{"taxonomy":"category","embeddable":true,"href":"https:\/\/jornalrol.com.br\/index.php?rest_route=%2Fwp%2Fv2%2Fcategories&post=8693"},{"taxonomy":"post_tag","embeddable":true,"href":"https:\/\/jornalrol.com.br\/index.php?rest_route=%2Fwp%2Fv2%2Ftags&post=8693"}],"curies":[{"name":"wp","href":"https:\/\/api.w.org\/{rel}","templated":true}]}}