{"id":126,"name":"Carlos Javier Jarquin","url":"","description":"<p class=\"has-drop-cap\">Natural de Rancho Grande, munic\u00edpio do Departamento de Matagalpa, rep\u00fablica da Nicar\u00e1gua, \u00e9 escritor, poeta, colunista, gestor cultural, compilador e produtor musical nicaraguense radicado na Costa Rica. Seus artigos foram publicados em diversos meios de comunica\u00e7\u00e3o impressos e digitais, tanto nacionais quanto internacionais. A obra e as atividades culturais de Jarqu\u00edn se distinguem por um profundo e constante compromisso com a valoriza\u00e7\u00e3o da diversidade cultural e a promo\u00e7\u00e3o da integra\u00e7\u00e3o global. Em seu trabalho editorial, destaca-se como compilador de duas antologias de grande relev\u00e2ncia, dispon\u00edveis ao p\u00fablico por meio da plataforma Amazon: Antologia do Bicenten\u00e1rio da Am\u00e9rica Central (Ayame Editorial M\u00e9xico\/EUA, 2021) e Can\u00e7\u00e3o Planet\u00e1ria: Irandade na Terra (H.C Editores, Costa Rica, 2023).<\/p>","link":"https:\/\/jornalrol.com.br\/?author=126","slug":"carlos-javier-jarquin","avatar_urls":{"24":"https:\/\/jornalrol.com.br\/wp-content\/uploads\/2025\/08\/489949090_9479537588802881_505971849054791086_n-600x600.jpg","48":"https:\/\/jornalrol.com.br\/wp-content\/uploads\/2025\/08\/489949090_9479537588802881_505971849054791086_n-600x600.jpg","96":"https:\/\/jornalrol.com.br\/wp-content\/uploads\/2025\/08\/489949090_9479537588802881_505971849054791086_n-600x600.jpg"},"meta":{"jetpack_donation_warning_dismissed":false},"_links":{"self":[{"href":"https:\/\/jornalrol.com.br\/index.php?rest_route=\/wp\/v2\/users\/126","targetHints":{"allow":["GET"]}}],"collection":[{"href":"https:\/\/jornalrol.com.br\/index.php?rest_route=\/wp\/v2\/users"}]}}