{"id":27,"name":"Dom Alexandre da Silva Cam\u00ealo Rurikovich Carvalho","url":"","description":"<b>Dom Alexandre da Silva Cam\u00ealo Rurikovich Carvalho<\/b><span style=\"font-weight: 400\"> \u00e9 natural de Nova Igua\u00e7u, Estado do Rio de Janeiro, nascido em 20 de agosto de 1974. Casado, pai de dois filhos, \u00e9 licenciado em Hist\u00f3ria e Filosofia, tecn\u00f3logo em Eventos e bacharel em Direitos Humanos com \u00eanfase em Ci\u00eancias Sociais. Possui forma\u00e7\u00e3o especializada em n\u00edvel de p\u00f3s-gradua\u00e7\u00e3o nas \u00e1reas de Hist\u00f3ria do Brasil, Hist\u00f3ria Antiga e Medieval, Filosofia, Ci\u00eancias Pol\u00edticas, Jornalismo, Doc\u00eancia do Ensino Superior, Produ\u00e7\u00e3o Cultural e Patrim\u00f4nio Hist\u00f3rico, Art\u00edstico e Cultural entre outras. \u00c9 coautor de mais de quarenta obras liter\u00e1rias e atua como colunista do Jornal Cultural ROL, desenvolvendo produ\u00e7\u00e3o intelectual voltada \u00e0 hist\u00f3ria, cultura, filosofia, direitos humanos e diplomacia cultural. Foi reconhecido por Not\u00f3rio Saber em Filosofia pelo Instituto Universitas Ecclesiae do Brasil. Det\u00e9m centenas de t\u00edtulos honor\u00edficos, medalhas e condecora\u00e7\u00f5es concedidas por institui\u00e7\u00f5es nacionais e internacionais. \u00c9 Doctor of Humane Letters pela <\/span><i><span style=\"font-weight: 400\">Logos University International (UNILOGOS)<\/span><\/i><span style=\"font-weight: 400\">\u00a0e Doctor of Philosophy in Peace pela <\/span><i><span style=\"font-weight: 400\">International University of Higher Martial Arts Education<\/span><\/i><span style=\"font-weight: 400\">. Atua como Agente de Representa\u00e7\u00e3o Diplom\u00e1tica Din\u00e1stico-Cultural, com status de Embaixador Honor\u00e1rio da Organiza\u00e7\u00e3o Internacional de Diplomacia Cultural.<\/span>","link":"https:\/\/jornalrol.com.br\/?author=27","slug":"dom-alexandre-rurikovich-carvalho","avatar_urls":{"24":"https:\/\/jornalrol.com.br\/wp-content\/uploads\/2026\/01\/Dom-Alexandre-retrato-oficial-600x600.jpg","48":"https:\/\/jornalrol.com.br\/wp-content\/uploads\/2026\/01\/Dom-Alexandre-retrato-oficial-600x600.jpg","96":"https:\/\/jornalrol.com.br\/wp-content\/uploads\/2026\/01\/Dom-Alexandre-retrato-oficial-600x600.jpg"},"meta":{"jetpack_donation_warning_dismissed":false},"_links":{"self":[{"href":"https:\/\/jornalrol.com.br\/index.php?rest_route=\/wp\/v2\/users\/27","targetHints":{"allow":["GET"]}}],"collection":[{"href":"https:\/\/jornalrol.com.br\/index.php?rest_route=\/wp\/v2\/users"}]}}